{"id":36878,"date":"2022-03-25T12:28:40","date_gmt":"2022-03-25T11:28:40","guid":{"rendered":"https:\/\/les-violettes.com\/entretien-avec-philippe-bosc\/"},"modified":"2025-05-06T11:26:56","modified_gmt":"2025-05-06T09:26:56","slug":"interview-mit-philippe-bosc","status":"publish","type":"post","link":"https:\/\/les-violettes.com\/de\/interview-mit-philippe-bosc\/","title":{"rendered":"Interview mit philippe bosc"},"content":{"rendered":"\t\t<div data-elementor-type=\"wp-post\" data-elementor-id=\"36878\" class=\"elementor elementor-36878 elementor-36274\" data-elementor-settings=\"{&quot;ha_cmc_init_switcher&quot;:&quot;no&quot;}\" data-elementor-post-type=\"post\">\n\t\t\t\t\t\t<section class=\"elementor-section elementor-top-section elementor-element elementor-element-3d5ea580 elementor-section-height-min-height elementor-section-boxed elementor-section-gap-beside-yes elementor-section-height-default elementor-section-items-middle elementor-section-column-vertical-align-stretch\" data-id=\"3d5ea580\" data-element_type=\"section\" data-e-type=\"section\" data-settings=\"{&quot;background_background&quot;:&quot;classic&quot;,&quot;_ha_eqh_enable&quot;:false}\">\n\t\t\t\t\t\t\t<div class=\"elementor-background-overlay\"><\/div>\n\t\t\t\t\t\t\t<div class=\"elementor-container elementor-column-gap-extended\">\n\t\t\t\t\t<div class=\"elementor-column elementor-col-100 elementor-top-column elementor-element elementor-element-70bbd00b\" data-id=\"70bbd00b\" data-element_type=\"column\" data-e-type=\"column\">\n\t\t\t<div class=\"elementor-widget-wrap elementor-element-populated\">\n\t\t\t\t\t\t<div class=\"elementor-element elementor-element-3b552fdc elementor-widget elementor-widget-spacer\" data-id=\"3b552fdc\" data-element_type=\"widget\" data-e-type=\"widget\" data-widget_type=\"spacer.default\">\n\t\t\t\t<div class=\"elementor-widget-container\">\n\t\t\t\t\t\t\t<div class=\"elementor-spacer\">\n\t\t\t<div class=\"elementor-spacer-inner\"><\/div>\n\t\t<\/div>\n\t\t\t\t\t\t<\/div>\n\t\t\t\t<\/div>\n\t\t\t\t<div class=\"elementor-element elementor-element-304402fd elementor-widget elementor-widget-heading\" data-id=\"304402fd\" data-element_type=\"widget\" data-e-type=\"widget\" data-widget_type=\"heading.default\">\n\t\t\t\t<div class=\"elementor-widget-container\">\n\t\t\t\t\t<h1 class=\"elementor-heading-title elementor-size-default\">Interview mit philippe bosc\n<\/h1>\t\t\t\t<\/div>\n\t\t\t\t<\/div>\n\t\t\t\t\t<\/div>\n\t\t<\/div>\n\t\t\t\t\t<\/div>\n\t\t<\/section>\n\t\t\t\t<section class=\"elementor-section elementor-top-section elementor-element elementor-element-7711b64 elementor-section-boxed elementor-section-gap-beside-yes elementor-section-height-default elementor-section-height-default elementor-section-content-align-center elementor-section-column-vertical-align-stretch\" data-id=\"7711b64\" data-element_type=\"section\" data-e-type=\"section\" data-settings=\"{&quot;_ha_eqh_enable&quot;:false}\">\n\t\t\t\t\t\t<div class=\"elementor-container elementor-column-gap-extended\">\n\t\t\t\t\t<div class=\"elementor-column elementor-col-50 elementor-top-column elementor-element elementor-element-854b9f8\" data-id=\"854b9f8\" data-element_type=\"column\" data-e-type=\"column\">\n\t\t\t<div class=\"elementor-widget-wrap elementor-element-populated\">\n\t\t\t\t\t\t<div class=\"elementor-element elementor-element-aa35fc5 elementor-widget elementor-widget-text-editor\" data-id=\"aa35fc5\" data-element_type=\"widget\" data-e-type=\"widget\" data-widget_type=\"text-editor.default\">\n\t\t\t\t<div class=\"elementor-widget-container\">\n\t\t\t\t\t\t\t\t\t<p><span style=\"font-weight: 400;\">Im Gespr\u00e4ch mit Philippe Bosc erfahren Sie mehr \u00fcber den Werdegang dieses Autodidakten, der das Elsass liebt, seinen Ruf als Friseur zu Hause aufgebaut hat und \u00fcber das Anwesen, das er in Jungholtz geformt hat.<\/span><\/p>\t\t\t\t\t\t\t\t<\/div>\n\t\t\t\t<\/div>\n\t\t\t\t<div class=\"elementor-element elementor-element-e4a0297 elementor-widget elementor-widget-spacer\" data-id=\"e4a0297\" data-element_type=\"widget\" data-e-type=\"widget\" data-widget_type=\"spacer.default\">\n\t\t\t\t<div class=\"elementor-widget-container\">\n\t\t\t\t\t\t\t<div class=\"elementor-spacer\">\n\t\t\t<div class=\"elementor-spacer-inner\"><\/div>\n\t\t<\/div>\n\t\t\t\t\t\t<\/div>\n\t\t\t\t<\/div>\n\t\t\t\t<div class=\"elementor-element elementor-element-9131451 elementor-widget elementor-widget-text-editor\" data-id=\"9131451\" data-element_type=\"widget\" data-e-type=\"widget\" data-widget_type=\"text-editor.default\">\n\t\t\t\t<div class=\"elementor-widget-container\">\n\t\t\t\t\t\t\t\t\t<p><span style=\"font-weight: 400;\">Das <a href=\"https:\/\/les-violettes.com\/de\/\">Hotel &amp; Spa Les violettes<\/a> auf den Anh\u00f6hen von Soultz liegt in einer zauberhaften Naturlandschaft oberhalb der Basilika Notre-Dame de Thierenbach. Das Hotel wurde im Jahr 2000 von Philippe Bosc gekauft und vollst\u00e4ndig renoviert, um es zu einem Urlaubs- und Erholungsort zu machen, der wegen seines dem els\u00e4ssischen Erbe entlehnten Stils und seines 1000 m\u00b2 gro\u00dfen Wellnessbereichs der Spitzenklasse gesch\u00e4tzt wird. In diesem Jahr wird ein neuer Pool mit Salz aus dem Toten Meer hinzukommen.<\/span><\/p>\t\t\t\t\t\t\t\t<\/div>\n\t\t\t\t<\/div>\n\t\t\t\t<div class=\"elementor-element elementor-element-b22f50a elementor-widget elementor-widget-spacer\" data-id=\"b22f50a\" data-element_type=\"widget\" data-e-type=\"widget\" data-widget_type=\"spacer.default\">\n\t\t\t\t<div class=\"elementor-widget-container\">\n\t\t\t\t\t\t\t<div class=\"elementor-spacer\">\n\t\t\t<div class=\"elementor-spacer-inner\"><\/div>\n\t\t<\/div>\n\t\t\t\t\t\t<\/div>\n\t\t\t\t<\/div>\n\t\t\t\t<div class=\"elementor-element elementor-element-996a67b elementor-widget elementor-widget-text-editor\" data-id=\"996a67b\" data-element_type=\"widget\" data-e-type=\"widget\" data-widget_type=\"text-editor.default\">\n\t\t\t\t<div class=\"elementor-widget-container\">\n\t\t\t\t\t\t\t\t\t<h4><strong>Friseur mit 14 Jahren<\/strong><\/h4>\t\t\t\t\t\t\t\t<\/div>\n\t\t\t\t<\/div>\n\t\t\t\t<div class=\"elementor-element elementor-element-92e5169 elementor-widget elementor-widget-image\" data-id=\"92e5169\" data-element_type=\"widget\" data-e-type=\"widget\" data-widget_type=\"image.default\">\n\t\t\t\t<div class=\"elementor-widget-container\">\n\t\t\t\t\t\t\t\t\t\t\t\t\t\t\t<img fetchpriority=\"high\" decoding=\"async\" width=\"700\" height=\"466\" src=\"https:\/\/les-violettes.com\/wp-content\/uploads\/2022\/03\/coiffeur-professionnel.jpg\" class=\"attachment-full size-full wp-image-36457\" alt=\"\" srcset=\"https:\/\/les-violettes.com\/wp-content\/uploads\/2022\/03\/coiffeur-professionnel.jpg 700w, https:\/\/les-violettes.com\/wp-content\/uploads\/2022\/03\/coiffeur-professionnel-300x200.jpg 300w, https:\/\/les-violettes.com\/wp-content\/uploads\/2022\/03\/coiffeur-professionnel-600x399.jpg 600w\" sizes=\"(max-width: 700px) 100vw, 700px\" \/>\t\t\t\t\t\t\t\t\t\t\t\t\t\t\t<\/div>\n\t\t\t\t<\/div>\n\t\t\t\t<div class=\"elementor-element elementor-element-b3cfa44 elementor-widget elementor-widget-spacer\" data-id=\"b3cfa44\" data-element_type=\"widget\" data-e-type=\"widget\" data-widget_type=\"spacer.default\">\n\t\t\t\t<div class=\"elementor-widget-container\">\n\t\t\t\t\t\t\t<div class=\"elementor-spacer\">\n\t\t\t<div class=\"elementor-spacer-inner\"><\/div>\n\t\t<\/div>\n\t\t\t\t\t\t<\/div>\n\t\t\t\t<\/div>\n\t\t\t\t<div class=\"elementor-element elementor-element-231fe2b elementor-widget elementor-widget-text-editor\" data-id=\"231fe2b\" data-element_type=\"widget\" data-e-type=\"widget\" data-widget_type=\"text-editor.default\">\n\t\t\t\t<div class=\"elementor-widget-container\">\n\t\t\t\t\t\t\t\t\t<p><span style=\"font-weight: 400;\">Ich bin mit 14 Jahren aus der Schule gekommen und da mein Klassennachbar der Sohn eines Friseurs war, habe ich diesen Beruf angenommen. Nachdem ich das CAP f\u00fcr Friseure nicht bestanden hatte, ging ich zur Armee. Als ich herauskam, bot ich einem befreundeten B\u00e4cker an, ihm beim Verkauf mit einem Lieferwagen in den D\u00f6rfern zu helfen. Die Leute wussten, dass ich Friseur war, und auf den Touren baten sie mich, sie zu Hause zu frisieren.&#8220;<\/span><\/p>\t\t\t\t\t\t\t\t<\/div>\n\t\t\t\t<\/div>\n\t\t\t\t<div class=\"elementor-element elementor-element-5802500 elementor-widget elementor-widget-spacer\" data-id=\"5802500\" data-element_type=\"widget\" data-e-type=\"widget\" data-widget_type=\"spacer.default\">\n\t\t\t\t<div class=\"elementor-widget-container\">\n\t\t\t\t\t\t\t<div class=\"elementor-spacer\">\n\t\t\t<div class=\"elementor-spacer-inner\"><\/div>\n\t\t<\/div>\n\t\t\t\t\t\t<\/div>\n\t\t\t\t<\/div>\n\t\t\t\t<div class=\"elementor-element elementor-element-1168a06 elementor-widget elementor-widget-text-editor\" data-id=\"1168a06\" data-element_type=\"widget\" data-e-type=\"widget\" data-widget_type=\"text-editor.default\">\n\t\t\t\t<div class=\"elementor-widget-container\">\n\t\t\t\t\t\t\t\t\t<h4><strong>1985, erster selbstst\u00e4ndiger Friseur zu Hause<\/strong><\/h4>\t\t\t\t\t\t\t\t<\/div>\n\t\t\t\t<\/div>\n\t\t\t\t<div class=\"elementor-element elementor-element-c376b13 elementor-widget elementor-widget-text-editor\" data-id=\"c376b13\" data-element_type=\"widget\" data-e-type=\"widget\" data-widget_type=\"text-editor.default\">\n\t\t\t\t<div class=\"elementor-widget-container\">\n\t\t\t\t\t\t\t\t\t<p><span style=\"font-weight: 400;\">&#8222;Ich meldete mich 1985 als selbstst\u00e4ndiger Friseur an und arbeitete in Altenheimen und Krankenh\u00e4usern. F\u00fcnf Jahre lang habe ich das als Selbstst\u00e4ndiger ganz allein gemacht. Das war super nett. Wenn der Friseur kam, war das ein freudiger Moment und ich bekam Kuchen, die extra f\u00fcr diesen Anlass gebacken wurden.&#8220;<\/span><\/p>\t\t\t\t\t\t\t\t<\/div>\n\t\t\t\t<\/div>\n\t\t\t\t<div class=\"elementor-element elementor-element-ddd5a3d elementor-widget elementor-widget-spacer\" data-id=\"ddd5a3d\" data-element_type=\"widget\" data-e-type=\"widget\" data-widget_type=\"spacer.default\">\n\t\t\t\t<div class=\"elementor-widget-container\">\n\t\t\t\t\t\t\t<div class=\"elementor-spacer\">\n\t\t\t<div class=\"elementor-spacer-inner\"><\/div>\n\t\t<\/div>\n\t\t\t\t\t\t<\/div>\n\t\t\t\t<\/div>\n\t\t\t\t<div class=\"elementor-element elementor-element-9f58834 elementor-widget elementor-widget-text-editor\" data-id=\"9f58834\" data-element_type=\"widget\" data-e-type=\"widget\" data-widget_type=\"text-editor.default\">\n\t\t\t\t<div class=\"elementor-widget-container\">\n\t\t\t\t\t\t\t\t\t<h4><strong>1990, Gr\u00fcndung einer GmbH<\/strong><\/h4>\t\t\t\t\t\t\t\t<\/div>\n\t\t\t\t<\/div>\n\t\t\t\t<div class=\"elementor-element elementor-element-36fe378 elementor-widget elementor-widget-image\" data-id=\"36fe378\" data-element_type=\"widget\" data-e-type=\"widget\" data-widget_type=\"image.default\">\n\t\t\t\t<div class=\"elementor-widget-container\">\n\t\t\t\t\t\t\t\t\t\t\t\t\t\t\t<img decoding=\"async\" width=\"858\" height=\"1080\" src=\"https:\/\/les-violettes.com\/wp-content\/uploads\/2022\/03\/bosc-1.jpg\" class=\"attachment-full size-full wp-image-36460\" alt=\"\" srcset=\"https:\/\/les-violettes.com\/wp-content\/uploads\/2022\/03\/bosc-1.jpg 858w, https:\/\/les-violettes.com\/wp-content\/uploads\/2022\/03\/bosc-1-238x300.jpg 238w, https:\/\/les-violettes.com\/wp-content\/uploads\/2022\/03\/bosc-1-814x1024.jpg 814w, https:\/\/les-violettes.com\/wp-content\/uploads\/2022\/03\/bosc-1-768x967.jpg 768w, https:\/\/les-violettes.com\/wp-content\/uploads\/2022\/03\/bosc-1-600x755.jpg 600w\" sizes=\"(max-width: 858px) 100vw, 858px\" \/>\t\t\t\t\t\t\t\t\t\t\t\t\t\t\t<\/div>\n\t\t\t\t<\/div>\n\t\t\t\t<div class=\"elementor-element elementor-element-8982a4f elementor-widget elementor-widget-text-editor\" data-id=\"8982a4f\" data-element_type=\"widget\" data-e-type=\"widget\" data-widget_type=\"text-editor.default\">\n\t\t\t\t<div class=\"elementor-widget-container\">\n\t\t\t\t\t\t\t\t\t<p><span style=\"font-weight: 400;\">Angesichts des Erfolgs beschloss Philippe Bosc, noch einen Schritt weiter zu gehen und gr\u00fcndete eine GmbH, die auf Friseurdienstleistungen zu Hause spezialisiert war. &#8222;Ich hatte Schwierigkeiten, Friseurinnen zu finden, also kam ich auf die Idee, die Wirtschaftsabteilung der Zeitung L&#8217;Alsace zu kontaktieren und ihnen zu erkl\u00e4ren, dass ich Arbeitspl\u00e4tze schaffen wollte. Sie schrieben einen Artikel und auf einmal bekam ich 250 Anrufe. Ich wollte eigentlich zehn Friseurinnen einstellen, aber angesichts des Angebots schuf ich 80 Stellen. Da ich kein Verm\u00f6gen besa\u00df, war das Risiko minimal&#8220;. Da das Unternehmen sofort erfolgreich war, stieg die Zahl der Mitarbeiter im folgenden Jahr auf 250 Friseurinnen.<\/span><\/p>\t\t\t\t\t\t\t\t<\/div>\n\t\t\t\t<\/div>\n\t\t\t\t<div class=\"elementor-element elementor-element-f1c6677 elementor-widget elementor-widget-spacer\" data-id=\"f1c6677\" data-element_type=\"widget\" data-e-type=\"widget\" data-widget_type=\"spacer.default\">\n\t\t\t\t<div class=\"elementor-widget-container\">\n\t\t\t\t\t\t\t<div class=\"elementor-spacer\">\n\t\t\t<div class=\"elementor-spacer-inner\"><\/div>\n\t\t<\/div>\n\t\t\t\t\t\t<\/div>\n\t\t\t\t<\/div>\n\t\t\t\t<div class=\"elementor-element elementor-element-da7824b elementor-widget elementor-widget-text-editor\" data-id=\"da7824b\" data-element_type=\"widget\" data-e-type=\"widget\" data-widget_type=\"text-editor.default\">\n\t\t\t\t<div class=\"elementor-widget-container\">\n\t\t\t\t\t\t\t\t\t<h4><strong>2006, Verkauf der Philippe Bosc-Gruppe.<\/strong><\/h4>\t\t\t\t\t\t\t\t<\/div>\n\t\t\t\t<\/div>\n\t\t\t\t<div class=\"elementor-element elementor-element-95dafd3 elementor-widget elementor-widget-text-editor\" data-id=\"95dafd3\" data-element_type=\"widget\" data-e-type=\"widget\" data-widget_type=\"text-editor.default\">\n\t\t\t\t<div class=\"elementor-widget-container\">\n\t\t\t\t\t\t\t\t\t<p><span style=\"font-weight: 400;\">&#8222;Ich hatte die Gelegenheit, mit dem damaligen Premierminister \u00c9douard Balladur in den 20-Uhr-Nachrichten aufzutreten, was dazu beigetragen hat, das Unternehmen \u00fcber seinen Umkreis hinaus bekannt zu machen.&#8220; Nach einer guten Entwicklung in ganz Frankreich besch\u00e4ftigte die Gruppe Philippe Bosc 3 500 Friseurinnen und 1 000 Haushaltshilfen, als der Gr\u00fcnder sie 2006 verkaufte. Philippe Bosc zog nach Marrakesch in Marokko, wo er sich nun zwei Drittel des Jahres aufh\u00e4lt. &#8222;Ich habe dort einen 200 Hektar gro\u00dfen Olivenhain gekauft, der es mir erm\u00f6glicht, mein eigenes Oliven\u00f6l herzustellen, sowie eine Blei-Silber-Zink-Mine.&#8220;<\/span><\/p>\t\t\t\t\t\t\t\t<\/div>\n\t\t\t\t<\/div>\n\t\t\t\t<div class=\"elementor-element elementor-element-45a804d elementor-widget elementor-widget-spacer\" data-id=\"45a804d\" data-element_type=\"widget\" data-e-type=\"widget\" data-widget_type=\"spacer.default\">\n\t\t\t\t<div class=\"elementor-widget-container\">\n\t\t\t\t\t\t\t<div class=\"elementor-spacer\">\n\t\t\t<div class=\"elementor-spacer-inner\"><\/div>\n\t\t<\/div>\n\t\t\t\t\t\t<\/div>\n\t\t\t\t<\/div>\n\t\t\t\t<div class=\"elementor-element elementor-element-28f1cc5 elementor-widget elementor-widget-text-editor\" data-id=\"28f1cc5\" data-element_type=\"widget\" data-e-type=\"widget\" data-widget_type=\"text-editor.default\">\n\t\t\t\t<div class=\"elementor-widget-container\">\n\t\t\t\t\t\t\t\t\t<h4><strong>2000, Kauf der Hotels Les violettes in Soultz und Les iris in Jungholtz.<\/strong><\/h4>\t\t\t\t\t\t\t\t<\/div>\n\t\t\t\t<\/div>\n\t\t\t\t<div class=\"elementor-element elementor-element-bf6f56a w elementor-widget elementor-widget-image\" data-id=\"bf6f56a\" data-element_type=\"widget\" data-e-type=\"widget\" data-widget_type=\"image.default\">\n\t\t\t\t<div class=\"elementor-widget-container\">\n\t\t\t\t\t\t\t\t\t\t\t\t\t\t\t<img decoding=\"async\" width=\"300\" height=\"201\" src=\"https:\/\/les-violettes.com\/wp-content\/uploads\/2022\/03\/Violettes_06Nov07_5984-min-300x201-1.jpg\" class=\"attachment-full size-full wp-image-36463\" alt=\"\" \/>\t\t\t\t\t\t\t\t\t\t\t\t\t\t\t<\/div>\n\t\t\t\t<\/div>\n\t\t\t\t<div class=\"elementor-element elementor-element-b3e2ba8 elementor-widget elementor-widget-text-editor\" data-id=\"b3e2ba8\" data-element_type=\"widget\" data-e-type=\"widget\" data-widget_type=\"text-editor.default\">\n\t\t\t\t<div class=\"elementor-widget-container\">\n\t\t\t\t\t\t\t\t\t<p><span style=\"font-weight: 400;\">Im Jahr 2000 verkauft die Familie Munsch das Hotel Les violettes in der Gemeinde Soultz und die Familie Vonesch das darunter liegende Hotel Les iris in Jungholtz. Philippe Bosc kauft beide, um nach drei Jahren Bauzeit ein zauberhaftes Anwesen zu schaffen. &#8222;Alles, was Sie sehen, wurde w\u00e4hrend der Bauarbeiten errichtet, wir haben nur die Mauern behalten. Ich habe mich daf\u00fcr entschieden, den gro\u00dfen Barraum im els\u00e4ssischen Stil mit Dekorationen aus der damaligen Zeit auszustatten und nicht mit Imitationen. Von 2000 bis 2004 habe ich mich pers\u00f6nlich an der Dekoration beteiligt, mit einer Leidenschaft f\u00fcr das St\u00f6bern auf Auktionen.&#8220;<\/span><\/p>\t\t\t\t\t\t\t\t<\/div>\n\t\t\t\t<\/div>\n\t\t\t\t<div class=\"elementor-element elementor-element-8d1746e elementor-widget elementor-widget-spacer\" data-id=\"8d1746e\" data-element_type=\"widget\" data-e-type=\"widget\" data-widget_type=\"spacer.default\">\n\t\t\t\t<div class=\"elementor-widget-container\">\n\t\t\t\t\t\t\t<div class=\"elementor-spacer\">\n\t\t\t<div class=\"elementor-spacer-inner\"><\/div>\n\t\t<\/div>\n\t\t\t\t\t\t<\/div>\n\t\t\t\t<\/div>\n\t\t\t\t<div class=\"elementor-element elementor-element-fdad329 elementor-widget elementor-widget-text-editor\" data-id=\"fdad329\" data-element_type=\"widget\" data-e-type=\"widget\" data-widget_type=\"text-editor.default\">\n\t\t\t\t<div class=\"elementor-widget-container\">\n\t\t\t\t\t\t\t\t\t<h4><strong>Gr\u00f6\u00dfte Marienwallfahrtsst\u00e4tte im Elsass.<\/strong><\/h4>\t\t\t\t\t\t\t\t<\/div>\n\t\t\t\t<\/div>\n\t\t\t\t<div class=\"elementor-element elementor-element-e1f8ba7 elementor-widget elementor-widget-image\" data-id=\"e1f8ba7\" data-element_type=\"widget\" data-e-type=\"widget\" data-widget_type=\"image.default\">\n\t\t\t\t<div class=\"elementor-widget-container\">\n\t\t\t\t\t\t\t\t\t\t\t\t\t\t\t<img loading=\"lazy\" decoding=\"async\" width=\"1036\" height=\"718\" src=\"https:\/\/les-violettes.com\/wp-content\/uploads\/2022\/03\/slide_4edited.jpg\" class=\"attachment-full size-full wp-image-36466\" alt=\"\" srcset=\"https:\/\/les-violettes.com\/wp-content\/uploads\/2022\/03\/slide_4edited.jpg 1036w, https:\/\/les-violettes.com\/wp-content\/uploads\/2022\/03\/slide_4edited-300x208.jpg 300w, https:\/\/les-violettes.com\/wp-content\/uploads\/2022\/03\/slide_4edited-1024x710.jpg 1024w, https:\/\/les-violettes.com\/wp-content\/uploads\/2022\/03\/slide_4edited-768x532.jpg 768w, https:\/\/les-violettes.com\/wp-content\/uploads\/2022\/03\/slide_4edited-600x416.jpg 600w\" sizes=\"(max-width: 1036px) 100vw, 1036px\" \/>\t\t\t\t\t\t\t\t\t\t\t\t\t\t\t<\/div>\n\t\t\t\t<\/div>\n\t\t\t\t<div class=\"elementor-element elementor-element-01d9c82 elementor-widget elementor-widget-text-editor\" data-id=\"01d9c82\" data-element_type=\"widget\" data-e-type=\"widget\" data-widget_type=\"text-editor.default\">\n\t\t\t\t<div class=\"elementor-widget-container\">\n\t\t\t\t\t\t\t\t\t<p><span style=\"font-weight: 400;\">&#8222;Ich wollte eine religi\u00f6se Konnotation geben, da die Basilika Notre-Dame de Thierenbach, die sich am unteren Ende des Anwesens befindet, der gr\u00f6\u00dfte Marienwallfahrtsort im Elsass ist.&#8220; Die Legende des Ortes reicht weit in die Geschichte zur\u00fcck. Kinder sollen im Bach ein Bild der Jungfrau Maria gefunden haben, das an einem Baum befestigt wurde. Danach gr\u00fcndeten die M\u00f6nche von Murbach ein Oratorium, dessen Existenz, die bis ins 8. Jahrhundert zur\u00fcckreicht, k\u00fcrzlich durch arch\u00e4ologische Ausgrabungen belegt wurde. Sp\u00e4ter, im Jahr 1125, wurde ein junger Adliger aus Soultz, der an einer unheilbaren Krankheit litt, nach Thierenbach gebracht, wobei er das Gel\u00fcbde ablegte, im Falle seiner Genesung seinen Besitz der Jungfrau Maria zu schenken. Geheilt hielt er sein Gel\u00fcbde, wurde M\u00f6nch in Cluny und \u00fcberzeugte den Vaterabt, in Jungholtz ein Priorat zu errichten. Die Gr\u00fcndung wurde 1130 vom Bischof von Basel best\u00e4tigt und die Stadt Soultz stattete das Priorat 1135 mit Grundbesitz aus, damit es seinen Lebensunterhalt bestreiten konnte.<\/span><\/p>\t\t\t\t\t\t\t\t<\/div>\n\t\t\t\t<\/div>\n\t\t\t\t<div class=\"elementor-element elementor-element-06883df elementor-widget elementor-widget-spacer\" data-id=\"06883df\" data-element_type=\"widget\" data-e-type=\"widget\" data-widget_type=\"spacer.default\">\n\t\t\t\t<div class=\"elementor-widget-container\">\n\t\t\t\t\t\t\t<div class=\"elementor-spacer\">\n\t\t\t<div class=\"elementor-spacer-inner\"><\/div>\n\t\t<\/div>\n\t\t\t\t\t\t<\/div>\n\t\t\t\t<\/div>\n\t\t\t\t<div class=\"elementor-element elementor-element-b85ab3a elementor-widget elementor-widget-text-editor\" data-id=\"b85ab3a\" data-element_type=\"widget\" data-e-type=\"widget\" data-widget_type=\"text-editor.default\">\n\t\t\t\t<div class=\"elementor-widget-container\">\n\t\t\t\t\t\t\t\t\t<h4><strong>2006, Bau eines 1.000 m\u00b2 gro\u00dfen Spas<\/strong><\/h4>\t\t\t\t\t\t\t\t<\/div>\n\t\t\t\t<\/div>\n\t\t\t\t<div class=\"elementor-element elementor-element-418b92d elementor-widget elementor-widget-image\" data-id=\"418b92d\" data-element_type=\"widget\" data-e-type=\"widget\" data-widget_type=\"image.default\">\n\t\t\t\t<div class=\"elementor-widget-container\">\n\t\t\t\t\t\t\t\t\t\t\t\t\t\t\t<img loading=\"lazy\" decoding=\"async\" width=\"800\" height=\"533\" src=\"https:\/\/les-violettes.com\/wp-content\/uploads\/2022\/03\/20.jpg\" class=\"attachment-full size-full wp-image-36469\" alt=\"\" srcset=\"https:\/\/les-violettes.com\/wp-content\/uploads\/2022\/03\/20.jpg 800w, https:\/\/les-violettes.com\/wp-content\/uploads\/2022\/03\/20-300x200.jpg 300w, https:\/\/les-violettes.com\/wp-content\/uploads\/2022\/03\/20-768x512.jpg 768w, https:\/\/les-violettes.com\/wp-content\/uploads\/2022\/03\/20-600x400.jpg 600w\" sizes=\"(max-width: 800px) 100vw, 800px\" \/>\t\t\t\t\t\t\t\t\t\t\t\t\t\t\t<\/div>\n\t\t\t\t<\/div>\n\t\t\t\t<div class=\"elementor-element elementor-element-f0ab531 elementor-widget elementor-widget-text-editor\" data-id=\"f0ab531\" data-element_type=\"widget\" data-e-type=\"widget\" data-widget_type=\"text-editor.default\">\n\t\t\t\t<div class=\"elementor-widget-container\">\n\t\t\t\t\t\t\t\t\t<p>Nach drei Jahren beschloss Philippe Bosc, ein gro\u00dfes Spa und ein neues Hotelgeb\u00e4ude zu bauen. Das Anwesen, das aus der Ferme des moines (Restaurant und Seminare) und dem Spa-Hotel Les violettes besteht, wird heute von Philippe Boscs \u00e4ltestem Sohn Geoffrey geleitet. Es gibt 60 Zimmer, ein 1.000 m\u00b2 gro\u00dfes Spa mit neun Behandlungskabinen und zwei Restaurants. Adriana Karembeu ist die Patin des Hotels und Tomi Ungerer der Pate. Auch andere K\u00fcnstler besuchen das Hotel, wie die Pianistin S\u00e9phora Dakpogan.<\/p>\t\t\t\t\t\t\t\t<\/div>\n\t\t\t\t<\/div>\n\t\t\t\t<div class=\"elementor-element elementor-element-0f35ca5 elementor-widget elementor-widget-spacer\" data-id=\"0f35ca5\" data-element_type=\"widget\" data-e-type=\"widget\" data-widget_type=\"spacer.default\">\n\t\t\t\t<div class=\"elementor-widget-container\">\n\t\t\t\t\t\t\t<div class=\"elementor-spacer\">\n\t\t\t<div class=\"elementor-spacer-inner\"><\/div>\n\t\t<\/div>\n\t\t\t\t\t\t<\/div>\n\t\t\t\t<\/div>\n\t\t\t\t<div class=\"elementor-element elementor-element-8eb3daf elementor-widget elementor-widget-text-editor\" data-id=\"8eb3daf\" data-element_type=\"widget\" data-e-type=\"widget\" data-widget_type=\"text-editor.default\">\n\t\t\t\t<div class=\"elementor-widget-container\">\n\t\t\t\t\t\t\t\t\t<h4><strong>2017, Vergr\u00f6\u00dferung des Wellnessbereichs.<\/strong><\/h4>\t\t\t\t\t\t\t\t<\/div>\n\t\t\t\t<\/div>\n\t\t\t\t<div class=\"elementor-element elementor-element-6e7a00f elementor-widget elementor-widget-text-editor\" data-id=\"6e7a00f\" data-element_type=\"widget\" data-e-type=\"widget\" data-widget_type=\"text-editor.default\">\n\t\t\t\t<div class=\"elementor-widget-container\">\n\t\t\t\t\t\t\t\t\t<p><span style=\"font-weight: 400;\">F\u00fcr die n\u00e4chste Zeit sind neue Arbeiten geplant, bei denen der Wellnessbereich vergr\u00f6\u00dfert und ein Becken mit Salz aus dem Toten Meer angelegt werden soll. Das Spa wird f\u00fcr die Dauer der Arbeiten geschlossen, wobei die Er\u00f6ffnung f\u00fcr den Rest des Jahres geplant ist.<\/span><\/p>\t\t\t\t\t\t\t\t<\/div>\n\t\t\t\t<\/div>\n\t\t\t\t<div class=\"elementor-element elementor-element-1be312d elementor-widget elementor-widget-spacer\" data-id=\"1be312d\" data-element_type=\"widget\" data-e-type=\"widget\" data-widget_type=\"spacer.default\">\n\t\t\t\t<div class=\"elementor-widget-container\">\n\t\t\t\t\t\t\t<div class=\"elementor-spacer\">\n\t\t\t<div class=\"elementor-spacer-inner\"><\/div>\n\t\t<\/div>\n\t\t\t\t\t\t<\/div>\n\t\t\t\t<\/div>\n\t\t\t\t<div class=\"elementor-element elementor-element-d6ee2fa elementor-widget elementor-widget-text-editor\" data-id=\"d6ee2fa\" data-element_type=\"widget\" data-e-type=\"widget\" data-widget_type=\"text-editor.default\">\n\t\t\t\t<div class=\"elementor-widget-container\">\n\t\t\t\t\t\t\t\t\t<h4><strong>Dermatologische Vorz\u00fcge des Salzes aus dem Toten Meer\u201c<\/strong><\/h4>\t\t\t\t\t\t\t\t<\/div>\n\t\t\t\t<\/div>\n\t\t\t\t<div class=\"elementor-element elementor-element-54d37d1 w elementor-widget elementor-widget-image\" data-id=\"54d37d1\" data-element_type=\"widget\" data-e-type=\"widget\" data-widget_type=\"image.default\">\n\t\t\t\t<div class=\"elementor-widget-container\">\n\t\t\t\t\t\t\t\t\t\t\t\t\t\t\t<img loading=\"lazy\" decoding=\"async\" width=\"450\" height=\"325\" src=\"https:\/\/les-violettes.com\/wp-content\/uploads\/2022\/03\/sel-de-la-mer-morte-1.jpg\" class=\"attachment-full size-full wp-image-36472\" alt=\"\" srcset=\"https:\/\/les-violettes.com\/wp-content\/uploads\/2022\/03\/sel-de-la-mer-morte-1.jpg 450w, https:\/\/les-violettes.com\/wp-content\/uploads\/2022\/03\/sel-de-la-mer-morte-1-300x217.jpg 300w\" sizes=\"(max-width: 450px) 100vw, 450px\" \/>\t\t\t\t\t\t\t\t\t\t\t\t\t\t\t<\/div>\n\t\t\t\t<\/div>\n\t\t\t\t<div class=\"elementor-element elementor-element-aaeabf3 elementor-widget elementor-widget-text-editor\" data-id=\"aaeabf3\" data-element_type=\"widget\" data-e-type=\"widget\" data-widget_type=\"text-editor.default\">\n\t\t\t\t<div class=\"elementor-widget-container\">\n\t\t\t\t\t\t\t\t\t<p><span style=\"font-weight: 400;\">Die Idee f\u00fcr ein Becken mit Salz aus dem <a href=\"https:\/\/de.wikipedia.org\/wiki\/Totes_Meer\">Toten Meer<\/a> entstand aus Philippe Boscs eigener Erfahrung. &#8222;Ich hatte eine Fu\u00dfwarze, die nicht wegging. Das war mir schon einmal passiert, als ich jung war, und ich musste operiert werden. Ich traf zuf\u00e4llig jemanden, der mir von der wohltuenden Wirkung des Toten Meeres erz\u00e4hlte, also ging ich hin und siehe da, es war unglaublich. Sobald ich meine F\u00fc\u00dfe in das Meer steckte, sp\u00fcrte ich eine Wohltat und vier Tage sp\u00e4ter war ich geheilt und entschlossen, das Tote Meer ins Elsass zu bringen. Nachdem ich mehrere Architekten gesehen hatte, die mir sagten, dass das unm\u00f6glich sei, fand die Vierte die technische L\u00f6sung f\u00fcr die Schaffung dieses Salzwasserbeckens. Sie reichte die Baugenehmigung ein, die im Laufe des Februars 2017 genehmigt wurde. Das wird einzigartig in Frankreich und wahrscheinlich sogar in Europa sein. Ich werde Dermatologen einladen, um sich von der wohltuenden Wirkung des Salzes aus dem Toten Meer auf die Haut zu \u00fcberzeugen.&#8220;<\/span><\/p>\t\t\t\t\t\t\t\t<\/div>\n\t\t\t\t<\/div>\n\t\t\t\t<div class=\"elementor-element elementor-element-85effa5 elementor-widget elementor-widget-spacer\" data-id=\"85effa5\" data-element_type=\"widget\" data-e-type=\"widget\" data-widget_type=\"spacer.default\">\n\t\t\t\t<div class=\"elementor-widget-container\">\n\t\t\t\t\t\t\t<div class=\"elementor-spacer\">\n\t\t\t<div class=\"elementor-spacer-inner\"><\/div>\n\t\t<\/div>\n\t\t\t\t\t\t<\/div>\n\t\t\t\t<\/div>\n\t\t\t\t<div class=\"elementor-element elementor-element-1e44786 elementor-widget elementor-widget-text-editor\" data-id=\"1e44786\" data-element_type=\"widget\" data-e-type=\"widget\" data-widget_type=\"text-editor.default\">\n\t\t\t\t<div class=\"elementor-widget-container\">\n\t\t\t\t\t\t\t\t\t<h4><strong>Les violettes gewann bei Bienvenue \u00e0 l&#8217;h\u00f4tel auf TF1.<\/strong><\/h4>\t\t\t\t\t\t\t\t<\/div>\n\t\t\t\t<\/div>\n\t\t\t\t<div class=\"elementor-element elementor-element-f1f27bb w elementor-widget elementor-widget-image\" data-id=\"f1f27bb\" data-element_type=\"widget\" data-e-type=\"widget\" data-widget_type=\"image.default\">\n\t\t\t\t<div class=\"elementor-widget-container\">\n\t\t\t\t\t\t\t\t\t\t\t\t\t\t\t<img loading=\"lazy\" decoding=\"async\" width=\"400\" height=\"244\" src=\"https:\/\/les-violettes.com\/wp-content\/uploads\/2022\/03\/les-violettes-dans-bienvenue-a-l-hotel-jusqu-a-vendredi-1473093535.jpg\" class=\"attachment-full size-full wp-image-36475\" alt=\"\" srcset=\"https:\/\/les-violettes.com\/wp-content\/uploads\/2022\/03\/les-violettes-dans-bienvenue-a-l-hotel-jusqu-a-vendredi-1473093535.jpg 400w, https:\/\/les-violettes.com\/wp-content\/uploads\/2022\/03\/les-violettes-dans-bienvenue-a-l-hotel-jusqu-a-vendredi-1473093535-300x183.jpg 300w\" sizes=\"(max-width: 400px) 100vw, 400px\" \/>\t\t\t\t\t\t\t\t\t\t\t\t\t\t\t<\/div>\n\t\t\t\t<\/div>\n\t\t\t\t<div class=\"elementor-element elementor-element-1220416 elementor-widget elementor-widget-text-editor\" data-id=\"1220416\" data-element_type=\"widget\" data-e-type=\"widget\" data-widget_type=\"text-editor.default\">\n\t\t\t\t<div class=\"elementor-widget-container\">\n\t\t\t\t\t\t\t\t\t<p><span style=\"font-weight: 400;\">Um seinen Erfolg zu kr\u00f6nen, nahm Les Violettes an der TF1-Show Bienvenu \u00e0 l&#8217;h\u00f4tel teil und gewann das Finale. &#8222;Ich war froh, dem Elsass durch diese Sendung Ehre zu machen&#8220;, schloss Philippe Bosc.<\/span><\/p>\t\t\t\t\t\t\t\t<\/div>\n\t\t\t\t<\/div>\n\t\t\t\t<div class=\"elementor-element elementor-element-6fd1665 elementor-widget elementor-widget-spacer\" data-id=\"6fd1665\" data-element_type=\"widget\" data-e-type=\"widget\" data-widget_type=\"spacer.default\">\n\t\t\t\t<div class=\"elementor-widget-container\">\n\t\t\t\t\t\t\t<div class=\"elementor-spacer\">\n\t\t\t<div class=\"elementor-spacer-inner\"><\/div>\n\t\t<\/div>\n\t\t\t\t\t\t<\/div>\n\t\t\t\t<\/div>\n\t\t\t\t<div class=\"elementor-element elementor-element-e1a0d5b elementor-widget elementor-widget-spacer\" data-id=\"e1a0d5b\" data-element_type=\"widget\" data-e-type=\"widget\" data-widget_type=\"spacer.default\">\n\t\t\t\t<div class=\"elementor-widget-container\">\n\t\t\t\t\t\t\t<div class=\"elementor-spacer\">\n\t\t\t<div class=\"elementor-spacer-inner\"><\/div>\n\t\t<\/div>\n\t\t\t\t\t\t<\/div>\n\t\t\t\t<\/div>\n\t\t\t\t\t<\/div>\n\t\t<\/div>\n\t\t\t\t<div class=\"elementor-column elementor-col-50 elementor-top-column elementor-element elementor-element-c1ac9c6\" data-id=\"c1ac9c6\" data-element_type=\"column\" data-e-type=\"column\">\n\t\t\t<div class=\"elementor-widget-wrap elementor-element-populated\">\n\t\t\t\t\t\t<div class=\"elementor-element elementor-element-56bf835 elementor-widget elementor-widget-template\" data-id=\"56bf835\" data-element_type=\"widget\" data-e-type=\"widget\" data-widget_type=\"template.default\">\n\t\t\t\t<div class=\"elementor-widget-container\">\n\t\t\t\t\t\t\t<div class=\"elementor-template\">\n\t\t\t\t\t<div data-elementor-type=\"page\" data-elementor-id=\"45918\" class=\"elementor elementor-45918 elementor-45507 elementor-45507\" data-elementor-settings=\"{&quot;ha_cmc_init_switcher&quot;:&quot;no&quot;}\" data-elementor-post-type=\"elementor_library\">\n\t\t\t\t\t\t<section class=\"elementor-section elementor-top-section elementor-element elementor-element-571d463 elementor-section-boxed elementor-section-gap-beside-yes elementor-section-height-default elementor-section-height-default elementor-section-column-vertical-align-stretch\" data-id=\"571d463\" data-element_type=\"section\" data-e-type=\"section\" data-settings=\"{&quot;_ha_eqh_enable&quot;:false}\">\n\t\t\t\t\t\t<div class=\"elementor-container elementor-column-gap-extended\">\n\t\t\t\t\t<div class=\"elementor-column elementor-col-100 elementor-top-column elementor-element elementor-element-dd6c148\" data-id=\"dd6c148\" data-element_type=\"column\" data-e-type=\"column\">\n\t\t\t<div class=\"elementor-widget-wrap elementor-element-populated\">\n\t\t\t\t\t\t<div class=\"elementor-element elementor-element-6e3003c elementor-invisible elementor-widget elementor-widget-nuss-button\" data-id=\"6e3003c\" data-element_type=\"widget\" data-e-type=\"widget\" data-settings=\"{&quot;_animation&quot;:&quot;nussFadeInUp&quot;}\" data-widget_type=\"nuss-button.default\">\n\t\t\t\t<div class=\"elementor-widget-container\">\n\t\t\t\t\t\t\t<div class=\"nuss-ele-button-wrapper\">\r\n\t\t\t<a href=\"https:\/\/les-violettes.com\/de\/kontakt\/\" class=\"nuss-ele-button-link nuss-ele-button style-thick-border nuss-ele-button-nm\" role=\"button\">\r\n\t\t\t\t\t\t<div class=\"button-content-wrapper\">\r\n\t\t\t\r\n\t\t\t\t\t\t\t<span class=\"button-text\">Kontakt<\/span>\r\n\t\t\t\r\n\t\t\t\t\t<\/div>\r\n\t\t\r\n\t\t\t\t\t\t\t<\/a>\r\n\t\t<\/div>\r\n\t\t\t\t\t\t<\/div>\n\t\t\t\t<\/div>\n\t\t\t\t<div class=\"elementor-element elementor-element-4d62ec6 elementor-widget elementor-widget-spacer\" data-id=\"4d62ec6\" data-element_type=\"widget\" data-e-type=\"widget\" data-widget_type=\"spacer.default\">\n\t\t\t\t<div class=\"elementor-widget-container\">\n\t\t\t\t\t\t\t<div class=\"elementor-spacer\">\n\t\t\t<div class=\"elementor-spacer-inner\"><\/div>\n\t\t<\/div>\n\t\t\t\t\t\t<\/div>\n\t\t\t\t<\/div>\n\t\t\t\t<div class=\"elementor-element elementor-element-6988d0e elementor-share-buttons--view-icon elementor-share-buttons--skin-flat elementor-share-buttons--color-custom elementor-share-buttons--shape-square elementor-grid-0 elementor-widget elementor-widget-share-buttons\" data-id=\"6988d0e\" data-element_type=\"widget\" data-e-type=\"widget\" data-widget_type=\"share-buttons.default\">\n\t\t\t\t<div class=\"elementor-widget-container\">\n\t\t\t\t\t\t\t<div class=\"elementor-grid\" role=\"list\">\n\t\t\t\t\t\t\t\t<div class=\"elementor-grid-item\" role=\"listitem\">\n\t\t\t\t\t\t<div class=\"elementor-share-btn elementor-share-btn_facebook\" role=\"button\" tabindex=\"0\" aria-label=\"Teilen auf facebook\">\n\t\t\t\t\t\t\t\t\t\t\t\t\t\t\t<span class=\"elementor-share-btn__icon\">\n\t\t\t\t\t\t\t\t<i class=\"fab fa-facebook\" aria-hidden=\"true\"><\/i>\t\t\t\t\t\t\t<\/span>\n\t\t\t\t\t\t\t\t\t\t\t\t\t\t\t\t\t\t\t\t<\/div>\n\t\t\t\t\t<\/div>\n\t\t\t\t\t\t\t\t\t<div class=\"elementor-grid-item\" role=\"listitem\">\n\t\t\t\t\t\t<div class=\"elementor-share-btn elementor-share-btn_twitter\" role=\"button\" tabindex=\"0\" aria-label=\"Teilen auf twitter\">\n\t\t\t\t\t\t\t\t\t\t\t\t\t\t\t<span class=\"elementor-share-btn__icon\">\n\t\t\t\t\t\t\t\t<i class=\"fab fa-twitter\" aria-hidden=\"true\"><\/i>\t\t\t\t\t\t\t<\/span>\n\t\t\t\t\t\t\t\t\t\t\t\t\t\t\t\t\t\t\t\t<\/div>\n\t\t\t\t\t<\/div>\n\t\t\t\t\t\t\t\t\t<div class=\"elementor-grid-item\" role=\"listitem\">\n\t\t\t\t\t\t<div class=\"elementor-share-btn elementor-share-btn_linkedin\" role=\"button\" tabindex=\"0\" aria-label=\"Teilen auf linkedin\">\n\t\t\t\t\t\t\t\t\t\t\t\t\t\t\t<span class=\"elementor-share-btn__icon\">\n\t\t\t\t\t\t\t\t<i class=\"fab fa-linkedin\" aria-hidden=\"true\"><\/i>\t\t\t\t\t\t\t<\/span>\n\t\t\t\t\t\t\t\t\t\t\t\t\t\t\t\t\t\t\t\t<\/div>\n\t\t\t\t\t<\/div>\n\t\t\t\t\t\t<\/div>\n\t\t\t\t\t\t<\/div>\n\t\t\t\t<\/div>\n\t\t\t\t<div class=\"elementor-element elementor-element-dd4eeb0 elementor-widget elementor-widget-spacer\" data-id=\"dd4eeb0\" data-element_type=\"widget\" data-e-type=\"widget\" data-widget_type=\"spacer.default\">\n\t\t\t\t<div class=\"elementor-widget-container\">\n\t\t\t\t\t\t\t<div class=\"elementor-spacer\">\n\t\t\t<div class=\"elementor-spacer-inner\"><\/div>\n\t\t<\/div>\n\t\t\t\t\t\t<\/div>\n\t\t\t\t<\/div>\n\t\t\t\t<div class=\"elementor-element elementor-element-b97a61d elementor-invisible elementor-widget elementor-widget-nuss-heading\" data-id=\"b97a61d\" data-element_type=\"widget\" data-e-type=\"widget\" data-settings=\"{&quot;_animation&quot;:&quot;nussFadeInUp&quot;}\" data-widget_type=\"nuss-heading.default\">\n\t\t\t\t<div class=\"elementor-widget-container\">\n\t\t\t\t\t\t\t<div class=\"nuss-modern-heading\">\r\n\t\t\t\r\n\t\t\t\t\t\t<div class=\"heading-primary-wrap\">\r\n\t\t\t\t<h4 class=\"heading-primary elementor-heading-title\">Sie werden auch m\u00f6gen...\n<\/h4>\t\t\t<\/div>\r\n\t\t\r\n\t\t\t\r\n\t\t\t\t\t<\/div>\r\n\t\t\t\t\t<\/div>\n\t\t\t\t<\/div>\n\t\t\t\t<div class=\"elementor-element elementor-element-5ab9389 elementor-widget elementor-widget-spacer\" data-id=\"5ab9389\" data-element_type=\"widget\" data-e-type=\"widget\" data-widget_type=\"spacer.default\">\n\t\t\t\t<div class=\"elementor-widget-container\">\n\t\t\t\t\t\t\t<div class=\"elementor-spacer\">\n\t\t\t<div class=\"elementor-spacer-inner\"><\/div>\n\t\t<\/div>\n\t\t\t\t\t\t<\/div>\n\t\t\t\t<\/div>\n\t\t\t\t<div class=\"elementor-element elementor-element-8ff5edb elementor-grid-1 elementor-grid-tablet-2 elementor-grid-mobile-1 elementor-posts--thumbnail-top elementor-widget elementor-widget-posts\" data-id=\"8ff5edb\" data-element_type=\"widget\" data-e-type=\"widget\" data-settings=\"{&quot;classic_columns&quot;:&quot;1&quot;,&quot;classic_columns_tablet&quot;:&quot;2&quot;,&quot;classic_columns_mobile&quot;:&quot;1&quot;,&quot;classic_row_gap&quot;:{&quot;unit&quot;:&quot;px&quot;,&quot;size&quot;:35,&quot;sizes&quot;:[]},&quot;classic_row_gap_tablet&quot;:{&quot;unit&quot;:&quot;px&quot;,&quot;size&quot;:&quot;&quot;,&quot;sizes&quot;:[]},&quot;classic_row_gap_mobile&quot;:{&quot;unit&quot;:&quot;px&quot;,&quot;size&quot;:&quot;&quot;,&quot;sizes&quot;:[]}}\" data-widget_type=\"posts.classic\">\n\t\t\t\t<div class=\"elementor-widget-container\">\n\t\t\t\t\t\t\t<div class=\"elementor-posts-container elementor-posts elementor-posts--skin-classic elementor-grid\" role=\"list\">\n\t\t\t\t<article class=\"elementor-post elementor-grid-item post-46960 post type-post status-publish format-standard has-post-thumbnail hentry category-actualites-de category-magazin category-nachrichten\" role=\"listitem\">\n\t\t\t\t<a class=\"elementor-post__thumbnail__link\" href=\"https:\/\/les-violettes.com\/de\/amis-violettes-abende-im-jahr-2026\/\" tabindex=\"-1\" >\n\t\t\t<div class=\"elementor-post__thumbnail\"><img loading=\"lazy\" decoding=\"async\" width=\"300\" height=\"200\" src=\"https:\/\/les-violettes.com\/wp-content\/uploads\/2022\/01\/devanture-violettes.jpg\" class=\"attachment-medium size-medium wp-image-35889\" alt=\"\" \/><\/div>\n\t\t<\/a>\n\t\t\t\t<div class=\"elementor-post__text\">\n\t\t\t\t<h3 class=\"elementor-post__title\">\n\t\t\t<a href=\"https:\/\/les-violettes.com\/de\/amis-violettes-abende-im-jahr-2026\/\" >\n\t\t\t\tEntdecken sie alle &#8222;Amis des Violettes&#8220; &#8211; Abende im jahr 2026!\t\t\t<\/a>\n\t\t<\/h3>\n\t\t\t\t<div class=\"elementor-post__meta-data\">\n\t\t\t\t\t<span class=\"elementor-post-date\">\n\t\t\t27. Oktober 2025\t\t<\/span>\n\t\t\t\t<\/div>\n\t\t\t\t<div class=\"elementor-post__excerpt\">\n\t\t\t<p>Das Hotel und Spa Les Violettes**** l\u00e4dt Sie zu seinen Themenabenden an jedem ersten Donnerstag im Monat ein! Entdecken Sie ohne weitere Verz\u00f6gerung unser Programm<\/p>\n\t\t<\/div>\n\t\t\t\t<\/div>\n\t\t\t\t<\/article>\n\t\t\t\t<article class=\"elementor-post elementor-grid-item post-43223 post type-post status-publish format-standard has-post-thumbnail hentry category-offres-speciales-de\" role=\"listitem\">\n\t\t\t\t<a class=\"elementor-post__thumbnail__link\" href=\"https:\/\/les-violettes.com\/de\/entspannende-flucht\/\" tabindex=\"-1\" >\n\t\t\t<div class=\"elementor-post__thumbnail\"><img loading=\"lazy\" decoding=\"async\" width=\"300\" height=\"202\" src=\"https:\/\/les-violettes.com\/wp-content\/uploads\/2024\/04\/modelage_evasion_relaxante-300x202.jpg\" class=\"attachment-medium size-medium wp-image-43157\" alt=\"Offre \u00e9vasion relaxante, modelage\" srcset=\"https:\/\/les-violettes.com\/wp-content\/uploads\/2024\/04\/modelage_evasion_relaxante-300x202.jpg 300w, https:\/\/les-violettes.com\/wp-content\/uploads\/2024\/04\/modelage_evasion_relaxante-1024x691.jpg 1024w, https:\/\/les-violettes.com\/wp-content\/uploads\/2024\/04\/modelage_evasion_relaxante-768x518.jpg 768w, https:\/\/les-violettes.com\/wp-content\/uploads\/2024\/04\/modelage_evasion_relaxante-1536x1036.jpg 1536w, https:\/\/les-violettes.com\/wp-content\/uploads\/2024\/04\/modelage_evasion_relaxante.jpg 1900w\" sizes=\"(max-width: 300px) 100vw, 300px\" \/><\/div>\n\t\t<\/a>\n\t\t\t\t<div class=\"elementor-post__text\">\n\t\t\t\t<h3 class=\"elementor-post__title\">\n\t\t\t<a href=\"https:\/\/les-violettes.com\/de\/entspannende-flucht\/\" >\n\t\t\t\tEntspannende Flucht\t\t\t<\/a>\n\t\t<\/h3>\n\t\t\t\t<div class=\"elementor-post__meta-data\">\n\t\t\t\t\t<span class=\"elementor-post-date\">\n\t\t\t12. April 2024\t\t<\/span>\n\t\t\t\t<\/div>\n\t\t\t\t<div class=\"elementor-post__excerpt\">\n\t\t\t<p>Eine Nacht in einem Zimmer Ihrer Wahl mit Fr\u00fchst\u00fcck, Zugang zum Spa und Modellage.<\/p>\n\t\t<\/div>\n\t\t\t\t<\/div>\n\t\t\t\t<\/article>\n\t\t\t\t<article class=\"elementor-post elementor-grid-item post-36925 post type-post status-publish format-standard has-post-thumbnail hentry category-actualites-de category-magazin category-nachrichten\" role=\"listitem\">\n\t\t\t\t<a class=\"elementor-post__thumbnail__link\" href=\"https:\/\/les-violettes.com\/de\/amis-violettes-abende-2025\/\" tabindex=\"-1\" >\n\t\t\t<div class=\"elementor-post__thumbnail\"><img loading=\"lazy\" decoding=\"async\" width=\"300\" height=\"200\" src=\"https:\/\/les-violettes.com\/wp-content\/uploads\/2022\/01\/devanture-violettes.jpg\" class=\"attachment-medium size-medium wp-image-35889\" alt=\"\" \/><\/div>\n\t\t<\/a>\n\t\t\t\t<div class=\"elementor-post__text\">\n\t\t\t\t<h3 class=\"elementor-post__title\">\n\t\t\t<a href=\"https:\/\/les-violettes.com\/de\/amis-violettes-abende-2025\/\" >\n\t\t\t\tEntdecken sie alle &#8222;Amis des Violettes&#8220; &#8211; Abende im jahr 2025!\t\t\t<\/a>\n\t\t<\/h3>\n\t\t\t\t<div class=\"elementor-post__meta-data\">\n\t\t\t\t\t<span class=\"elementor-post-date\">\n\t\t\t22. Dezember 2023\t\t<\/span>\n\t\t\t\t<\/div>\n\t\t\t\t<div class=\"elementor-post__excerpt\">\n\t\t\t<p>Das Hotel und Spa Les Violettes**** l\u00e4dt Sie zu seinen Themenabenden an jedem ersten Donnerstag im Monat ein! Entdecken Sie ohne weitere Verz\u00f6gerung unser Programm<\/p>\n\t\t<\/div>\n\t\t\t\t<\/div>\n\t\t\t\t<\/article>\n\t\t\t\t<article class=\"elementor-post elementor-grid-item post-40972 post type-post status-publish format-standard has-post-thumbnail hentry category-actualites-de category-nachrichten\" role=\"listitem\">\n\t\t\t\t<a class=\"elementor-post__thumbnail__link\" href=\"https:\/\/les-violettes.com\/de\/wichtige-informationen-spa-bereich\/\" tabindex=\"-1\" >\n\t\t\t<div class=\"elementor-post__thumbnail\"><img loading=\"lazy\" decoding=\"async\" width=\"300\" height=\"200\" src=\"https:\/\/les-violettes.com\/wp-content\/uploads\/2021\/11\/Piscine-exterieure-nuit-Les-Violettes-300x200.jpg\" class=\"attachment-medium size-medium wp-image-30928\" alt=\"D\u00e9tente et bien \u00eatre Les Violettes\" srcset=\"https:\/\/les-violettes.com\/wp-content\/uploads\/2021\/11\/Piscine-exterieure-nuit-Les-Violettes-300x200.jpg 300w, https:\/\/les-violettes.com\/wp-content\/uploads\/2021\/11\/Piscine-exterieure-nuit-Les-Violettes-1024x683.jpg 1024w, https:\/\/les-violettes.com\/wp-content\/uploads\/2021\/11\/Piscine-exterieure-nuit-Les-Violettes-768x512.jpg 768w, https:\/\/les-violettes.com\/wp-content\/uploads\/2021\/11\/Piscine-exterieure-nuit-Les-Violettes-1536x1024.jpg 1536w, https:\/\/les-violettes.com\/wp-content\/uploads\/2021\/11\/Piscine-exterieure-nuit-Les-Violettes-600x400.jpg 600w, https:\/\/les-violettes.com\/wp-content\/uploads\/2021\/11\/Piscine-exterieure-nuit-Les-Violettes.jpg 2048w\" sizes=\"(max-width: 300px) 100vw, 300px\" \/><\/div>\n\t\t<\/a>\n\t\t\t\t<div class=\"elementor-post__text\">\n\t\t\t\t<h3 class=\"elementor-post__title\">\n\t\t\t<a href=\"https:\/\/les-violettes.com\/de\/wichtige-informationen-spa-bereich\/\" >\n\t\t\t\tWichtige Informationen \u00fcber den Spa-Bereich\t\t\t<\/a>\n\t\t<\/h3>\n\t\t\t\t<div class=\"elementor-post__meta-data\">\n\t\t\t\t\t<span class=\"elementor-post-date\">\n\t\t\t15. November 2023\t\t<\/span>\n\t\t\t\t<\/div>\n\t\t\t\t<div class=\"elementor-post__excerpt\">\n\t\t\t<p>Wichtige Informationen Informationen zur Wiederer\u00f6ffnung Unser Au\u00dfenbereich wird derzeit renoviert. Wir bem\u00fchen uns, ihn so schnell wie m\u00f6glich wieder einladend zu gestalten. Meinen aufenthalt b\u00fcchen<\/p>\n\t\t<\/div>\n\t\t\t\t<\/div>\n\t\t\t\t<\/article>\n\t\t\t\t<article class=\"elementor-post elementor-grid-item post-40048 post type-post status-publish format-standard has-post-thumbnail hentry category-angebote-aufenthalt category-offres-speciales-de\" role=\"listitem\">\n\t\t\t\t<a class=\"elementor-post__thumbnail__link\" href=\"https:\/\/les-violettes.com\/de\/entspannungsurlaub-absolue-amoureux\/\" tabindex=\"-1\" >\n\t\t\t<div class=\"elementor-post__thumbnail\"><img loading=\"lazy\" decoding=\"async\" width=\"300\" height=\"176\" src=\"https:\/\/les-violettes.com\/wp-content\/uploads\/2024\/02\/sejour_detente_absolue_amoureux_haut-rhin-300x176.jpg\" class=\"attachment-medium size-medium wp-image-41492\" alt=\"S\u00e9jour detente absolue dans le haut-rhin\" srcset=\"https:\/\/les-violettes.com\/wp-content\/uploads\/2024\/02\/sejour_detente_absolue_amoureux_haut-rhin-300x176.jpg 300w, https:\/\/les-violettes.com\/wp-content\/uploads\/2024\/02\/sejour_detente_absolue_amoureux_haut-rhin-1024x599.jpg 1024w, https:\/\/les-violettes.com\/wp-content\/uploads\/2024\/02\/sejour_detente_absolue_amoureux_haut-rhin-768x450.jpg 768w, https:\/\/les-violettes.com\/wp-content\/uploads\/2024\/02\/sejour_detente_absolue_amoureux_haut-rhin-1536x899.jpg 1536w, https:\/\/les-violettes.com\/wp-content\/uploads\/2024\/02\/sejour_detente_absolue_amoureux_haut-rhin.jpg 1599w\" sizes=\"(max-width: 300px) 100vw, 300px\" \/><\/div>\n\t\t<\/a>\n\t\t\t\t<div class=\"elementor-post__text\">\n\t\t\t\t<h3 class=\"elementor-post__title\">\n\t\t\t<a href=\"https:\/\/les-violettes.com\/de\/entspannungsurlaub-absolue-amoureux\/\" >\n\t\t\t\tEntspannungsurlaub Absolue en Amoureux\t\t\t<\/a>\n\t\t<\/h3>\n\t\t\t\t<div class=\"elementor-post__meta-data\">\n\t\t\t\t\t<span class=\"elementor-post-date\">\n\t\t\t27. April 2023\t\t<\/span>\n\t\t\t\t<\/div>\n\t\t\t\t<div class=\"elementor-post__excerpt\">\n\t\t\t<p>&#8211; HALBPENSION INKL. GETR\u00c4NKE MIT EINER DUO-BEHANDLUNG Zum Preis von 634 \u20ac f\u00fcr 2 Personen Halbpension inkl. Getr\u00e4nke unter der Woche (Sonntag bis Donnerstag), bestehend<\/p>\n\t\t<\/div>\n\t\t\t\t<\/div>\n\t\t\t\t<\/article>\n\t\t\t\t<article class=\"elementor-post elementor-grid-item post-36869 post type-post status-publish format-standard has-post-thumbnail hentry category-blog-de category-magazin\" role=\"listitem\">\n\t\t\t\t<a class=\"elementor-post__thumbnail__link\" href=\"https:\/\/les-violettes.com\/de\/spa-wochenende-im-elsass\/\" tabindex=\"-1\" >\n\t\t\t<div class=\"elementor-post__thumbnail\"><img loading=\"lazy\" decoding=\"async\" width=\"300\" height=\"200\" src=\"https:\/\/les-violettes.com\/wp-content\/uploads\/2022\/05\/week-end-spa-alsace-violettes-300x200.jpg\" class=\"attachment-medium size-medium wp-image-36758\" alt=\"Photo Spa et bien-\u00eatre, les Violettes\" srcset=\"https:\/\/les-violettes.com\/wp-content\/uploads\/2022\/05\/week-end-spa-alsace-violettes-300x200.jpg 300w, https:\/\/les-violettes.com\/wp-content\/uploads\/2022\/05\/week-end-spa-alsace-violettes-1024x684.jpg 1024w, https:\/\/les-violettes.com\/wp-content\/uploads\/2022\/05\/week-end-spa-alsace-violettes-768x513.jpg 768w, https:\/\/les-violettes.com\/wp-content\/uploads\/2022\/05\/week-end-spa-alsace-violettes-1536x1025.jpg 1536w, https:\/\/les-violettes.com\/wp-content\/uploads\/2022\/05\/week-end-spa-alsace-violettes-600x401.jpg 600w, https:\/\/les-violettes.com\/wp-content\/uploads\/2022\/05\/week-end-spa-alsace-violettes.jpg 1600w\" sizes=\"(max-width: 300px) 100vw, 300px\" \/><\/div>\n\t\t<\/a>\n\t\t\t\t<div class=\"elementor-post__text\">\n\t\t\t\t<h3 class=\"elementor-post__title\">\n\t\t\t<a href=\"https:\/\/les-violettes.com\/de\/spa-wochenende-im-elsass\/\" >\n\t\t\t\tGenie\u00dfen Sie ein Spa-Wochenende im Elsass\t\t\t<\/a>\n\t\t<\/h3>\n\t\t\t\t<div class=\"elementor-post__meta-data\">\n\t\t\t\t\t<span class=\"elementor-post-date\">\n\t\t\t30. Mai 2022\t\t<\/span>\n\t\t\t\t<\/div>\n\t\t\t\t<div class=\"elementor-post__excerpt\">\n\t\t\t<p>Spa-Wochenende im Elsass: das Hotel &#038; Spa Les Violettes Verbringen Sie ein traumhaftes Wochenende in einem Hotel und Spa, das in einer au\u00dfergew\u00f6hnlichen Umgebung im<\/p>\n\t\t<\/div>\n\t\t\t\t<\/div>\n\t\t\t\t<\/article>\n\t\t\t\t<\/div>\n\t\t\n\t\t\t\t\t\t<\/div>\n\t\t\t\t<\/div>\n\t\t\t\t\t<\/div>\n\t\t<\/div>\n\t\t\t\t\t<\/div>\n\t\t<\/section>\n\t\t\t\t<\/div>\n\t\t\t\t<\/div>\n\t\t\t\t\t\t<\/div>\n\t\t\t\t<\/div>\n\t\t\t\t\t<\/div>\n\t\t<\/div>\n\t\t\t\t\t<\/div>\n\t\t<\/section>\n\t\t\t\t<\/div>\n\t\t","protected":false},"excerpt":{"rendered":"<p>Interview mit philippe bosc Im Gespr\u00e4ch mit Philippe Bosc erfahren Sie mehr \u00fcber den Werdegang dieses Autodidakten, der das Elsass liebt, seinen Ruf als Friseur zu Hause aufgebaut hat und \u00fcber das Anwesen, das er in Jungholtz geformt hat. Das Hotel &amp; Spa Les violettes auf den Anh\u00f6hen von Soultz liegt in einer zauberhaften Naturlandschaft [&hellip;]<\/p>\n","protected":false},"author":1,"featured_media":36454,"comment_status":"closed","ping_status":"closed","sticky":false,"template":"elementor_header_footer","format":"standard","meta":{"footnotes":""},"categories":[74,88],"tags":[],"class_list":["post-36878","post","type-post","status-publish","format-standard","has-post-thumbnail","hentry","category-blog-de","category-magazin"],"yoast_head":"<!-- This site is optimized with the Yoast SEO plugin v27.3 - https:\/\/yoast.com\/product\/yoast-seo-wordpress\/ -->\n<title>Interview mit philippe bosc - Hot\u00eal &amp; Spa Les Violettes<\/title>\n<meta name=\"description\" content=\"Erfahren Sie mehr \u00fcber den au\u00dfergew\u00f6hnlichen Werdegang von Philipe Bosc, der mit seinem atypischen Profil den Grundstein f\u00fcr das Hotel &amp; Spa Les Violettes gelegt hat.\" \/>\n<meta name=\"robots\" content=\"index, follow, max-snippet:-1, max-image-preview:large, max-video-preview:-1\" \/>\n<link rel=\"canonical\" href=\"https:\/\/les-violettes.com\/de\/interview-mit-philippe-bosc\/\" \/>\n<meta property=\"og:locale\" content=\"de_DE\" \/>\n<meta property=\"og:type\" content=\"article\" \/>\n<meta property=\"og:title\" content=\"Interview mit philippe bosc - Hot\u00eal &amp; Spa Les Violettes\" \/>\n<meta property=\"og:description\" content=\"Erfahren Sie mehr \u00fcber den au\u00dfergew\u00f6hnlichen Werdegang von Philipe Bosc, der mit seinem atypischen Profil den Grundstein f\u00fcr das Hotel &amp; Spa Les Violettes gelegt hat.\" \/>\n<meta property=\"og:url\" content=\"https:\/\/les-violettes.com\/de\/interview-mit-philippe-bosc\/\" \/>\n<meta property=\"og:site_name\" content=\"Hot\u00eal &amp; Spa Les Violettes\" \/>\n<meta property=\"article:published_time\" content=\"2022-03-25T11:28:40+00:00\" \/>\n<meta property=\"article:modified_time\" content=\"2025-05-06T09:26:56+00:00\" \/>\n<meta property=\"og:image\" content=\"http:\/\/les-violettes.com\/wp-content\/uploads\/2022\/03\/webaireinfo-bosc-les-violettes-02.jpg\" \/>\n\t<meta property=\"og:image:width\" content=\"585\" \/>\n\t<meta property=\"og:image:height\" content=\"330\" \/>\n\t<meta property=\"og:image:type\" content=\"image\/jpeg\" \/>\n<meta name=\"author\" content=\"admin_annei\" \/>\n<meta name=\"twitter:card\" content=\"summary_large_image\" \/>\n<meta name=\"twitter:label1\" content=\"Verfasst von\" \/>\n\t<meta name=\"twitter:data1\" content=\"admin_annei\" \/>\n\t<meta name=\"twitter:label2\" content=\"Gesch\u00e4tzte Lesezeit\" \/>\n\t<meta name=\"twitter:data2\" content=\"16\u00a0Minuten\" \/>\n<script type=\"application\/ld+json\" class=\"yoast-schema-graph\">{\"@context\":\"https:\\\/\\\/schema.org\",\"@graph\":[{\"@type\":\"Article\",\"@id\":\"https:\\\/\\\/les-violettes.com\\\/de\\\/interview-mit-philippe-bosc\\\/#article\",\"isPartOf\":{\"@id\":\"https:\\\/\\\/les-violettes.com\\\/de\\\/interview-mit-philippe-bosc\\\/\"},\"author\":{\"name\":\"admin_annei\",\"@id\":\"https:\\\/\\\/les-violettes.com\\\/de\\\/#\\\/schema\\\/person\\\/6b5674990a67ddf8eceb11848b300d82\"},\"headline\":\"Interview mit philippe bosc\",\"datePublished\":\"2022-03-25T11:28:40+00:00\",\"dateModified\":\"2025-05-06T09:26:56+00:00\",\"mainEntityOfPage\":{\"@id\":\"https:\\\/\\\/les-violettes.com\\\/de\\\/interview-mit-philippe-bosc\\\/\"},\"wordCount\":1110,\"publisher\":{\"@id\":\"https:\\\/\\\/les-violettes.com\\\/de\\\/#organization\"},\"image\":{\"@id\":\"https:\\\/\\\/les-violettes.com\\\/de\\\/interview-mit-philippe-bosc\\\/#primaryimage\"},\"thumbnailUrl\":\"https:\\\/\\\/les-violettes.com\\\/wp-content\\\/uploads\\\/2022\\\/03\\\/webaireinfo-bosc-les-violettes-02.jpg\",\"articleSection\":[\"Blog\",\"Magazin\"],\"inLanguage\":\"de\"},{\"@type\":\"WebPage\",\"@id\":\"https:\\\/\\\/les-violettes.com\\\/de\\\/interview-mit-philippe-bosc\\\/\",\"url\":\"https:\\\/\\\/les-violettes.com\\\/de\\\/interview-mit-philippe-bosc\\\/\",\"name\":\"Interview mit philippe bosc - Hot\u00eal &amp; Spa Les Violettes\",\"isPartOf\":{\"@id\":\"https:\\\/\\\/les-violettes.com\\\/de\\\/#website\"},\"primaryImageOfPage\":{\"@id\":\"https:\\\/\\\/les-violettes.com\\\/de\\\/interview-mit-philippe-bosc\\\/#primaryimage\"},\"image\":{\"@id\":\"https:\\\/\\\/les-violettes.com\\\/de\\\/interview-mit-philippe-bosc\\\/#primaryimage\"},\"thumbnailUrl\":\"https:\\\/\\\/les-violettes.com\\\/wp-content\\\/uploads\\\/2022\\\/03\\\/webaireinfo-bosc-les-violettes-02.jpg\",\"datePublished\":\"2022-03-25T11:28:40+00:00\",\"dateModified\":\"2025-05-06T09:26:56+00:00\",\"description\":\"Erfahren Sie mehr \u00fcber den au\u00dfergew\u00f6hnlichen Werdegang von Philipe Bosc, der mit seinem atypischen Profil den Grundstein f\u00fcr das Hotel & Spa Les Violettes gelegt hat.\",\"breadcrumb\":{\"@id\":\"https:\\\/\\\/les-violettes.com\\\/de\\\/interview-mit-philippe-bosc\\\/#breadcrumb\"},\"inLanguage\":\"de\",\"potentialAction\":[{\"@type\":\"ReadAction\",\"target\":[\"https:\\\/\\\/les-violettes.com\\\/de\\\/interview-mit-philippe-bosc\\\/\"]}]},{\"@type\":\"ImageObject\",\"inLanguage\":\"de\",\"@id\":\"https:\\\/\\\/les-violettes.com\\\/de\\\/interview-mit-philippe-bosc\\\/#primaryimage\",\"url\":\"https:\\\/\\\/les-violettes.com\\\/wp-content\\\/uploads\\\/2022\\\/03\\\/webaireinfo-bosc-les-violettes-02.jpg\",\"contentUrl\":\"https:\\\/\\\/les-violettes.com\\\/wp-content\\\/uploads\\\/2022\\\/03\\\/webaireinfo-bosc-les-violettes-02.jpg\",\"width\":585,\"height\":330},{\"@type\":\"BreadcrumbList\",\"@id\":\"https:\\\/\\\/les-violettes.com\\\/de\\\/interview-mit-philippe-bosc\\\/#breadcrumb\",\"itemListElement\":[{\"@type\":\"ListItem\",\"position\":1,\"name\":\"Accueil\",\"item\":\"https:\\\/\\\/les-violettes.com\\\/de\\\/\"},{\"@type\":\"ListItem\",\"position\":2,\"name\":\"Interview mit philippe bosc\"}]},{\"@type\":\"WebSite\",\"@id\":\"https:\\\/\\\/les-violettes.com\\\/de\\\/#website\",\"url\":\"https:\\\/\\\/les-violettes.com\\\/de\\\/\",\"name\":\"Hot\u00eal &amp; Spa Les Violettes\",\"description\":\"Votre H\u00f4tel &amp; Spa ****\",\"publisher\":{\"@id\":\"https:\\\/\\\/les-violettes.com\\\/de\\\/#organization\"},\"potentialAction\":[{\"@type\":\"SearchAction\",\"target\":{\"@type\":\"EntryPoint\",\"urlTemplate\":\"https:\\\/\\\/les-violettes.com\\\/de\\\/?s={search_term_string}\"},\"query-input\":{\"@type\":\"PropertyValueSpecification\",\"valueRequired\":true,\"valueName\":\"search_term_string\"}}],\"inLanguage\":\"de\"},{\"@type\":\"Organization\",\"@id\":\"https:\\\/\\\/les-violettes.com\\\/de\\\/#organization\",\"name\":\"H\u00f4tel & Spa Les Violettes\",\"url\":\"https:\\\/\\\/les-violettes.com\\\/de\\\/\",\"logo\":{\"@type\":\"ImageObject\",\"inLanguage\":\"de\",\"@id\":\"https:\\\/\\\/les-violettes.com\\\/de\\\/#\\\/schema\\\/logo\\\/image\\\/\",\"url\":\"http:\\\/\\\/les-violettes.com\\\/wp-content\\\/uploads\\\/2021\\\/10\\\/logo-violettes.png\",\"contentUrl\":\"http:\\\/\\\/les-violettes.com\\\/wp-content\\\/uploads\\\/2021\\\/10\\\/logo-violettes.png\",\"width\":2643,\"height\":540,\"caption\":\"H\u00f4tel & Spa Les Violettes\"},\"image\":{\"@id\":\"https:\\\/\\\/les-violettes.com\\\/de\\\/#\\\/schema\\\/logo\\\/image\\\/\"}},{\"@type\":\"Person\",\"@id\":\"https:\\\/\\\/les-violettes.com\\\/de\\\/#\\\/schema\\\/person\\\/6b5674990a67ddf8eceb11848b300d82\",\"name\":\"admin_annei\",\"image\":{\"@type\":\"ImageObject\",\"inLanguage\":\"de\",\"@id\":\"https:\\\/\\\/secure.gravatar.com\\\/avatar\\\/ee34cdeb6ef123d30ce5da2f3936273f53ea5ab3895bf5bc94d0abf95f73d1e4?s=96&d=mm&r=g\",\"url\":\"https:\\\/\\\/secure.gravatar.com\\\/avatar\\\/ee34cdeb6ef123d30ce5da2f3936273f53ea5ab3895bf5bc94d0abf95f73d1e4?s=96&d=mm&r=g\",\"contentUrl\":\"https:\\\/\\\/secure.gravatar.com\\\/avatar\\\/ee34cdeb6ef123d30ce5da2f3936273f53ea5ab3895bf5bc94d0abf95f73d1e4?s=96&d=mm&r=g\",\"caption\":\"admin_annei\"},\"sameAs\":[\"https:\\\/\\\/les-violettes.com\"]}]}<\/script>\n<!-- \/ Yoast SEO plugin. -->","yoast_head_json":{"title":"Interview mit philippe bosc - Hot\u00eal &amp; Spa Les Violettes","description":"Erfahren Sie mehr \u00fcber den au\u00dfergew\u00f6hnlichen Werdegang von Philipe Bosc, der mit seinem atypischen Profil den Grundstein f\u00fcr das Hotel & Spa Les Violettes gelegt hat.","robots":{"index":"index","follow":"follow","max-snippet":"max-snippet:-1","max-image-preview":"max-image-preview:large","max-video-preview":"max-video-preview:-1"},"canonical":"https:\/\/les-violettes.com\/de\/interview-mit-philippe-bosc\/","og_locale":"de_DE","og_type":"article","og_title":"Interview mit philippe bosc - Hot\u00eal &amp; Spa Les Violettes","og_description":"Erfahren Sie mehr \u00fcber den au\u00dfergew\u00f6hnlichen Werdegang von Philipe Bosc, der mit seinem atypischen Profil den Grundstein f\u00fcr das Hotel & Spa Les Violettes gelegt hat.","og_url":"https:\/\/les-violettes.com\/de\/interview-mit-philippe-bosc\/","og_site_name":"Hot\u00eal &amp; Spa Les Violettes","article_published_time":"2022-03-25T11:28:40+00:00","article_modified_time":"2025-05-06T09:26:56+00:00","og_image":[{"width":585,"height":330,"url":"http:\/\/les-violettes.com\/wp-content\/uploads\/2022\/03\/webaireinfo-bosc-les-violettes-02.jpg","type":"image\/jpeg"}],"author":"admin_annei","twitter_card":"summary_large_image","twitter_misc":{"Verfasst von":"admin_annei","Gesch\u00e4tzte Lesezeit":"16\u00a0Minuten"},"schema":{"@context":"https:\/\/schema.org","@graph":[{"@type":"Article","@id":"https:\/\/les-violettes.com\/de\/interview-mit-philippe-bosc\/#article","isPartOf":{"@id":"https:\/\/les-violettes.com\/de\/interview-mit-philippe-bosc\/"},"author":{"name":"admin_annei","@id":"https:\/\/les-violettes.com\/de\/#\/schema\/person\/6b5674990a67ddf8eceb11848b300d82"},"headline":"Interview mit philippe bosc","datePublished":"2022-03-25T11:28:40+00:00","dateModified":"2025-05-06T09:26:56+00:00","mainEntityOfPage":{"@id":"https:\/\/les-violettes.com\/de\/interview-mit-philippe-bosc\/"},"wordCount":1110,"publisher":{"@id":"https:\/\/les-violettes.com\/de\/#organization"},"image":{"@id":"https:\/\/les-violettes.com\/de\/interview-mit-philippe-bosc\/#primaryimage"},"thumbnailUrl":"https:\/\/les-violettes.com\/wp-content\/uploads\/2022\/03\/webaireinfo-bosc-les-violettes-02.jpg","articleSection":["Blog","Magazin"],"inLanguage":"de"},{"@type":"WebPage","@id":"https:\/\/les-violettes.com\/de\/interview-mit-philippe-bosc\/","url":"https:\/\/les-violettes.com\/de\/interview-mit-philippe-bosc\/","name":"Interview mit philippe bosc - Hot\u00eal &amp; Spa Les Violettes","isPartOf":{"@id":"https:\/\/les-violettes.com\/de\/#website"},"primaryImageOfPage":{"@id":"https:\/\/les-violettes.com\/de\/interview-mit-philippe-bosc\/#primaryimage"},"image":{"@id":"https:\/\/les-violettes.com\/de\/interview-mit-philippe-bosc\/#primaryimage"},"thumbnailUrl":"https:\/\/les-violettes.com\/wp-content\/uploads\/2022\/03\/webaireinfo-bosc-les-violettes-02.jpg","datePublished":"2022-03-25T11:28:40+00:00","dateModified":"2025-05-06T09:26:56+00:00","description":"Erfahren Sie mehr \u00fcber den au\u00dfergew\u00f6hnlichen Werdegang von Philipe Bosc, der mit seinem atypischen Profil den Grundstein f\u00fcr das Hotel & Spa Les Violettes gelegt hat.","breadcrumb":{"@id":"https:\/\/les-violettes.com\/de\/interview-mit-philippe-bosc\/#breadcrumb"},"inLanguage":"de","potentialAction":[{"@type":"ReadAction","target":["https:\/\/les-violettes.com\/de\/interview-mit-philippe-bosc\/"]}]},{"@type":"ImageObject","inLanguage":"de","@id":"https:\/\/les-violettes.com\/de\/interview-mit-philippe-bosc\/#primaryimage","url":"https:\/\/les-violettes.com\/wp-content\/uploads\/2022\/03\/webaireinfo-bosc-les-violettes-02.jpg","contentUrl":"https:\/\/les-violettes.com\/wp-content\/uploads\/2022\/03\/webaireinfo-bosc-les-violettes-02.jpg","width":585,"height":330},{"@type":"BreadcrumbList","@id":"https:\/\/les-violettes.com\/de\/interview-mit-philippe-bosc\/#breadcrumb","itemListElement":[{"@type":"ListItem","position":1,"name":"Accueil","item":"https:\/\/les-violettes.com\/de\/"},{"@type":"ListItem","position":2,"name":"Interview mit philippe bosc"}]},{"@type":"WebSite","@id":"https:\/\/les-violettes.com\/de\/#website","url":"https:\/\/les-violettes.com\/de\/","name":"Hot\u00eal &amp; Spa Les Violettes","description":"Votre H\u00f4tel &amp; Spa ****","publisher":{"@id":"https:\/\/les-violettes.com\/de\/#organization"},"potentialAction":[{"@type":"SearchAction","target":{"@type":"EntryPoint","urlTemplate":"https:\/\/les-violettes.com\/de\/?s={search_term_string}"},"query-input":{"@type":"PropertyValueSpecification","valueRequired":true,"valueName":"search_term_string"}}],"inLanguage":"de"},{"@type":"Organization","@id":"https:\/\/les-violettes.com\/de\/#organization","name":"H\u00f4tel & Spa Les Violettes","url":"https:\/\/les-violettes.com\/de\/","logo":{"@type":"ImageObject","inLanguage":"de","@id":"https:\/\/les-violettes.com\/de\/#\/schema\/logo\/image\/","url":"http:\/\/les-violettes.com\/wp-content\/uploads\/2021\/10\/logo-violettes.png","contentUrl":"http:\/\/les-violettes.com\/wp-content\/uploads\/2021\/10\/logo-violettes.png","width":2643,"height":540,"caption":"H\u00f4tel & Spa Les Violettes"},"image":{"@id":"https:\/\/les-violettes.com\/de\/#\/schema\/logo\/image\/"}},{"@type":"Person","@id":"https:\/\/les-violettes.com\/de\/#\/schema\/person\/6b5674990a67ddf8eceb11848b300d82","name":"admin_annei","image":{"@type":"ImageObject","inLanguage":"de","@id":"https:\/\/secure.gravatar.com\/avatar\/ee34cdeb6ef123d30ce5da2f3936273f53ea5ab3895bf5bc94d0abf95f73d1e4?s=96&d=mm&r=g","url":"https:\/\/secure.gravatar.com\/avatar\/ee34cdeb6ef123d30ce5da2f3936273f53ea5ab3895bf5bc94d0abf95f73d1e4?s=96&d=mm&r=g","contentUrl":"https:\/\/secure.gravatar.com\/avatar\/ee34cdeb6ef123d30ce5da2f3936273f53ea5ab3895bf5bc94d0abf95f73d1e4?s=96&d=mm&r=g","caption":"admin_annei"},"sameAs":["https:\/\/les-violettes.com"]}]}},"publishpress_future_action":{"enabled":false,"date":"2026-05-05 14:30:19","action":"change-status","newStatus":"draft","terms":[],"taxonomy":"category","extraData":[]},"publishpress_future_workflow_manual_trigger":{"enabledWorkflows":[]},"_links":{"self":[{"href":"https:\/\/les-violettes.com\/de\/wp-json\/wp\/v2\/posts\/36878","targetHints":{"allow":["GET"]}}],"collection":[{"href":"https:\/\/les-violettes.com\/de\/wp-json\/wp\/v2\/posts"}],"about":[{"href":"https:\/\/les-violettes.com\/de\/wp-json\/wp\/v2\/types\/post"}],"author":[{"embeddable":true,"href":"https:\/\/les-violettes.com\/de\/wp-json\/wp\/v2\/users\/1"}],"replies":[{"embeddable":true,"href":"https:\/\/les-violettes.com\/de\/wp-json\/wp\/v2\/comments?post=36878"}],"version-history":[{"count":0,"href":"https:\/\/les-violettes.com\/de\/wp-json\/wp\/v2\/posts\/36878\/revisions"}],"wp:featuredmedia":[{"embeddable":true,"href":"https:\/\/les-violettes.com\/de\/wp-json\/wp\/v2\/media\/36454"}],"wp:attachment":[{"href":"https:\/\/les-violettes.com\/de\/wp-json\/wp\/v2\/media?parent=36878"}],"wp:term":[{"taxonomy":"category","embeddable":true,"href":"https:\/\/les-violettes.com\/de\/wp-json\/wp\/v2\/categories?post=36878"},{"taxonomy":"post_tag","embeddable":true,"href":"https:\/\/les-violettes.com\/de\/wp-json\/wp\/v2\/tags?post=36878"}],"curies":[{"name":"wp","href":"https:\/\/api.w.org\/{rel}","templated":true}]}}