{"id":36969,"date":"2021-11-24T16:02:37","date_gmt":"2021-11-24T15:02:37","guid":{"rendered":"https:\/\/les-violettes.com\/sejour-bed-breakfast-en-alsace\/"},"modified":"2025-10-13T08:14:44","modified_gmt":"2025-10-13T06:14:44","slug":"aufenthalt-bed-breakfast-im-elsass","status":"publish","type":"post","link":"https:\/\/les-violettes.com\/de\/aufenthalt-bed-breakfast-im-elsass\/","title":{"rendered":"Aufenthalt Bed &#038; Breakfast im Elsass"},"content":{"rendered":"\t\t<div data-elementor-type=\"wp-post\" data-elementor-id=\"36969\" class=\"elementor elementor-36969 elementor-31113\" data-elementor-settings=\"{&quot;ha_cmc_init_switcher&quot;:&quot;no&quot;}\" data-elementor-post-type=\"post\">\n\t\t\t\t\t\t<section class=\"elementor-section elementor-top-section elementor-element elementor-element-3d5ea580 elementor-section-height-min-height elementor-section-boxed elementor-section-gap-beside-yes elementor-section-height-default elementor-section-items-middle elementor-section-column-vertical-align-stretch\" data-id=\"3d5ea580\" data-element_type=\"section\" data-e-type=\"section\" data-settings=\"{&quot;background_background&quot;:&quot;classic&quot;,&quot;_ha_eqh_enable&quot;:false}\">\n\t\t\t\t\t\t\t<div class=\"elementor-background-overlay\"><\/div>\n\t\t\t\t\t\t\t<div class=\"elementor-container elementor-column-gap-extended\">\n\t\t\t\t\t<div class=\"elementor-column elementor-col-100 elementor-top-column elementor-element elementor-element-70bbd00b\" data-id=\"70bbd00b\" data-element_type=\"column\" data-e-type=\"column\">\n\t\t\t<div class=\"elementor-widget-wrap elementor-element-populated\">\n\t\t\t\t\t\t<div class=\"elementor-element elementor-element-3b552fdc elementor-widget elementor-widget-spacer\" data-id=\"3b552fdc\" data-element_type=\"widget\" data-e-type=\"widget\" data-widget_type=\"spacer.default\">\n\t\t\t\t<div class=\"elementor-widget-container\">\n\t\t\t\t\t\t\t<div class=\"elementor-spacer\">\n\t\t\t<div class=\"elementor-spacer-inner\"><\/div>\n\t\t<\/div>\n\t\t\t\t\t\t<\/div>\n\t\t\t\t<\/div>\n\t\t\t\t<div class=\"elementor-element elementor-element-304402fd elementor-widget elementor-widget-heading\" data-id=\"304402fd\" data-element_type=\"widget\" data-e-type=\"widget\" data-widget_type=\"heading.default\">\n\t\t\t\t<div class=\"elementor-widget-container\">\n\t\t\t\t\t<h1 class=\"elementor-heading-title elementor-size-default\">Aufenthalt Bed &#038; Breakfast im Elsass<\/h1>\t\t\t\t<\/div>\n\t\t\t\t<\/div>\n\t\t\t\t\t<\/div>\n\t\t<\/div>\n\t\t\t\t\t<\/div>\n\t\t<\/section>\n\t\t\t\t<section class=\"elementor-section elementor-top-section elementor-element elementor-element-7711b64 elementor-section-boxed elementor-section-gap-beside-yes elementor-section-height-default elementor-section-height-default elementor-section-content-align-center elementor-section-column-vertical-align-stretch\" data-id=\"7711b64\" data-element_type=\"section\" data-e-type=\"section\" data-settings=\"{&quot;_ha_eqh_enable&quot;:false}\">\n\t\t\t\t\t\t<div class=\"elementor-container elementor-column-gap-extended\">\n\t\t\t\t\t<div class=\"elementor-column elementor-col-50 elementor-top-column elementor-element elementor-element-854b9f8\" data-id=\"854b9f8\" data-element_type=\"column\" data-e-type=\"column\">\n\t\t\t<div class=\"elementor-widget-wrap elementor-element-populated\">\n\t\t\t\t\t\t<div class=\"elementor-element elementor-element-127355e elementor-invisible elementor-widget elementor-widget-nuss-heading\" data-id=\"127355e\" data-element_type=\"widget\" data-e-type=\"widget\" data-settings=\"{&quot;_animation&quot;:&quot;nussFadeInUp&quot;}\" data-widget_type=\"nuss-heading.default\">\n\t\t\t\t<div class=\"elementor-widget-container\">\n\t\t\t\t\t\t\t<div class=\"nuss-modern-heading\">\r\n\t\t\t\t\t\t<div class=\"heading-secondary-wrap\">\r\n\t\t\t\t<span class=\"heading-secondary elementor-heading-title\">MIT ZUGANG ZUM SPA UND FR\u00dcHST\u00dcCK<\/span>\t\t\t<\/div>\r\n\t\t\r\n\t\t\t\t\t\t<div class=\"heading-primary-wrap\">\r\n\t\t\t\t<h3 class=\"heading-primary elementor-heading-title\">Ab 289\u20ac f\u00fcr 2 Personen<\/h3>\t\t\t<\/div>\r\n\t\t\r\n\t\t\t\r\n\t\t\t\t\t<\/div>\r\n\t\t\t\t\t<\/div>\n\t\t\t\t<\/div>\n\t\t\t\t<div class=\"elementor-element elementor-element-23f1491 elementor-widget elementor-widget-spacer\" data-id=\"23f1491\" data-element_type=\"widget\" data-e-type=\"widget\" data-widget_type=\"spacer.default\">\n\t\t\t\t<div class=\"elementor-widget-container\">\n\t\t\t\t\t\t\t<div class=\"elementor-spacer\">\n\t\t\t<div class=\"elementor-spacer-inner\"><\/div>\n\t\t<\/div>\n\t\t\t\t\t\t<\/div>\n\t\t\t\t<\/div>\n\t\t\t\t<div class=\"elementor-element elementor-element-f34ba50 elementor-widget elementor-widget-text-editor\" data-id=\"f34ba50\" data-element_type=\"widget\" data-e-type=\"widget\" data-widget_type=\"text-editor.default\">\n\t\t\t\t<div class=\"elementor-widget-container\">\n\t\t\t\t\t\t\t\t\t<ul><li>Eine \u00dcbernachtung in der gew\u00fcnschten Zimmerkategorie<\/li><li>Fr\u00fchst\u00fcck in Form eines Schlemmerbuffets<\/li><li>Unbegrenzter Zugang* zum 1.500 m\u00b2 gro\u00dfen Spa.<\/li><li>Kostenloser Parkplatz<\/li><li>Kostenloses Wifi<\/li><\/ul><p>Ab 289\u20ac f\u00fcr 2 Personen pro Tag.<br \/>Auf Basis eines Doppelzimmers<\/p><p>* Unbegrenzter Zugang zum Spa am Tag der Ankunft ab 15:30 Uhr und bis zum n\u00e4chsten Tag um 11:30 Uhr.<\/p>\t\t\t\t\t\t\t\t<\/div>\n\t\t\t\t<\/div>\n\t\t\t\t<div class=\"elementor-element elementor-element-4dfc690 elementor-widget elementor-widget-spacer\" data-id=\"4dfc690\" data-element_type=\"widget\" data-e-type=\"widget\" data-widget_type=\"spacer.default\">\n\t\t\t\t<div class=\"elementor-widget-container\">\n\t\t\t\t\t\t\t<div class=\"elementor-spacer\">\n\t\t\t<div class=\"elementor-spacer-inner\"><\/div>\n\t\t<\/div>\n\t\t\t\t\t\t<\/div>\n\t\t\t\t<\/div>\n\t\t\t\t<div class=\"elementor-element elementor-element-5b60392 elementor-align-center elementor-widget elementor-widget-nuss-button\" data-id=\"5b60392\" data-element_type=\"widget\" data-e-type=\"widget\" data-settings=\"{&quot;_animation&quot;:&quot;none&quot;}\" data-widget_type=\"nuss-button.default\">\n\t\t\t\t<div class=\"elementor-widget-container\">\n\t\t\t\t\t\t\t<div class=\"nuss-ele-button-wrapper\">\r\n\t\t\t<a href=\"https:\/\/www.secure-hotel-booking.com\/Hotel-Spa-les-Violettes\/25TK\/de?hotelId=18103\" target=\"_blank\" class=\"nuss-ele-button-link nuss-ele-button style-flat nuss-ele-button-sm icon-left\" role=\"button\" id=\"track_reservation\">\r\n\t\t\t\t\t\t<div class=\"button-content-wrapper\">\r\n\t\t\t\t\t\t\t<span class=\"button-icon\">\r\n\t\t\t\t\t<i class=\"fal fa-calendar-alt\"><\/i>\t\t\t\t<\/span>\r\n\t\t\t\r\n\t\t\t\t\t\t\t<span class=\"button-text\">Meinen aufenthalt buchen<\/span>\r\n\t\t\t\r\n\t\t\t\t\t<\/div>\r\n\t\t\r\n\t\t\t\t\t\t\t<\/a>\r\n\t\t<\/div>\r\n\t\t\t\t\t\t<\/div>\n\t\t\t\t<\/div>\n\t\t\t\t<div class=\"elementor-element elementor-element-6b439c0 elementor-widget elementor-widget-spacer\" data-id=\"6b439c0\" data-element_type=\"widget\" data-e-type=\"widget\" data-widget_type=\"spacer.default\">\n\t\t\t\t<div class=\"elementor-widget-container\">\n\t\t\t\t\t\t\t<div class=\"elementor-spacer\">\n\t\t\t<div class=\"elementor-spacer-inner\"><\/div>\n\t\t<\/div>\n\t\t\t\t\t\t<\/div>\n\t\t\t\t<\/div>\n\t\t\t\t\t<\/div>\n\t\t<\/div>\n\t\t\t\t<div class=\"elementor-column elementor-col-50 elementor-top-column elementor-element elementor-element-c1ac9c6\" data-id=\"c1ac9c6\" data-element_type=\"column\" data-e-type=\"column\">\n\t\t\t<div class=\"elementor-widget-wrap elementor-element-populated\">\n\t\t\t\t\t\t<div class=\"elementor-element elementor-element-857a4b9 elementor-widget elementor-widget-template\" data-id=\"857a4b9\" data-element_type=\"widget\" data-e-type=\"widget\" data-widget_type=\"template.default\">\n\t\t\t\t<div class=\"elementor-widget-container\">\n\t\t\t\t\t\t\t<div class=\"elementor-template\">\n\t\t\t\t\t<div data-elementor-type=\"page\" data-elementor-id=\"45918\" class=\"elementor elementor-45918 elementor-45507 elementor-45507\" data-elementor-settings=\"{&quot;ha_cmc_init_switcher&quot;:&quot;no&quot;}\" data-elementor-post-type=\"elementor_library\">\n\t\t\t\t\t\t<section class=\"elementor-section elementor-top-section elementor-element elementor-element-571d463 elementor-section-boxed elementor-section-gap-beside-yes elementor-section-height-default elementor-section-height-default elementor-section-column-vertical-align-stretch\" data-id=\"571d463\" data-element_type=\"section\" data-e-type=\"section\" data-settings=\"{&quot;_ha_eqh_enable&quot;:false}\">\n\t\t\t\t\t\t<div class=\"elementor-container elementor-column-gap-extended\">\n\t\t\t\t\t<div class=\"elementor-column elementor-col-100 elementor-top-column elementor-element elementor-element-dd6c148\" data-id=\"dd6c148\" data-element_type=\"column\" data-e-type=\"column\">\n\t\t\t<div class=\"elementor-widget-wrap elementor-element-populated\">\n\t\t\t\t\t\t<div class=\"elementor-element elementor-element-6e3003c elementor-invisible elementor-widget elementor-widget-nuss-button\" data-id=\"6e3003c\" data-element_type=\"widget\" data-e-type=\"widget\" data-settings=\"{&quot;_animation&quot;:&quot;nussFadeInUp&quot;}\" data-widget_type=\"nuss-button.default\">\n\t\t\t\t<div class=\"elementor-widget-container\">\n\t\t\t\t\t\t\t<div class=\"nuss-ele-button-wrapper\">\r\n\t\t\t<a href=\"https:\/\/les-violettes.com\/de\/kontakt\/\" class=\"nuss-ele-button-link nuss-ele-button style-thick-border nuss-ele-button-nm\" role=\"button\">\r\n\t\t\t\t\t\t<div class=\"button-content-wrapper\">\r\n\t\t\t\r\n\t\t\t\t\t\t\t<span class=\"button-text\">Kontakt<\/span>\r\n\t\t\t\r\n\t\t\t\t\t<\/div>\r\n\t\t\r\n\t\t\t\t\t\t\t<\/a>\r\n\t\t<\/div>\r\n\t\t\t\t\t\t<\/div>\n\t\t\t\t<\/div>\n\t\t\t\t<div class=\"elementor-element elementor-element-4d62ec6 elementor-widget elementor-widget-spacer\" data-id=\"4d62ec6\" data-element_type=\"widget\" data-e-type=\"widget\" data-widget_type=\"spacer.default\">\n\t\t\t\t<div class=\"elementor-widget-container\">\n\t\t\t\t\t\t\t<div class=\"elementor-spacer\">\n\t\t\t<div class=\"elementor-spacer-inner\"><\/div>\n\t\t<\/div>\n\t\t\t\t\t\t<\/div>\n\t\t\t\t<\/div>\n\t\t\t\t<div class=\"elementor-element elementor-element-6988d0e elementor-share-buttons--view-icon elementor-share-buttons--skin-flat elementor-share-buttons--color-custom elementor-share-buttons--shape-square elementor-grid-0 elementor-widget elementor-widget-share-buttons\" data-id=\"6988d0e\" data-element_type=\"widget\" data-e-type=\"widget\" data-widget_type=\"share-buttons.default\">\n\t\t\t\t<div class=\"elementor-widget-container\">\n\t\t\t\t\t\t\t<div class=\"elementor-grid\" role=\"list\">\n\t\t\t\t\t\t\t\t<div class=\"elementor-grid-item\" role=\"listitem\">\n\t\t\t\t\t\t<div class=\"elementor-share-btn elementor-share-btn_facebook\" role=\"button\" tabindex=\"0\" aria-label=\"Teilen auf facebook\">\n\t\t\t\t\t\t\t\t\t\t\t\t\t\t\t<span class=\"elementor-share-btn__icon\">\n\t\t\t\t\t\t\t\t<i class=\"fab fa-facebook\" aria-hidden=\"true\"><\/i>\t\t\t\t\t\t\t<\/span>\n\t\t\t\t\t\t\t\t\t\t\t\t\t\t\t\t\t\t\t\t<\/div>\n\t\t\t\t\t<\/div>\n\t\t\t\t\t\t\t\t\t<div class=\"elementor-grid-item\" role=\"listitem\">\n\t\t\t\t\t\t<div class=\"elementor-share-btn elementor-share-btn_twitter\" role=\"button\" tabindex=\"0\" aria-label=\"Teilen auf twitter\">\n\t\t\t\t\t\t\t\t\t\t\t\t\t\t\t<span class=\"elementor-share-btn__icon\">\n\t\t\t\t\t\t\t\t<i class=\"fab fa-twitter\" aria-hidden=\"true\"><\/i>\t\t\t\t\t\t\t<\/span>\n\t\t\t\t\t\t\t\t\t\t\t\t\t\t\t\t\t\t\t\t<\/div>\n\t\t\t\t\t<\/div>\n\t\t\t\t\t\t\t\t\t<div class=\"elementor-grid-item\" role=\"listitem\">\n\t\t\t\t\t\t<div class=\"elementor-share-btn elementor-share-btn_linkedin\" role=\"button\" tabindex=\"0\" aria-label=\"Teilen auf linkedin\">\n\t\t\t\t\t\t\t\t\t\t\t\t\t\t\t<span class=\"elementor-share-btn__icon\">\n\t\t\t\t\t\t\t\t<i class=\"fab fa-linkedin\" aria-hidden=\"true\"><\/i>\t\t\t\t\t\t\t<\/span>\n\t\t\t\t\t\t\t\t\t\t\t\t\t\t\t\t\t\t\t\t<\/div>\n\t\t\t\t\t<\/div>\n\t\t\t\t\t\t<\/div>\n\t\t\t\t\t\t<\/div>\n\t\t\t\t<\/div>\n\t\t\t\t<div class=\"elementor-element elementor-element-dd4eeb0 elementor-widget elementor-widget-spacer\" data-id=\"dd4eeb0\" data-element_type=\"widget\" data-e-type=\"widget\" data-widget_type=\"spacer.default\">\n\t\t\t\t<div class=\"elementor-widget-container\">\n\t\t\t\t\t\t\t<div class=\"elementor-spacer\">\n\t\t\t<div class=\"elementor-spacer-inner\"><\/div>\n\t\t<\/div>\n\t\t\t\t\t\t<\/div>\n\t\t\t\t<\/div>\n\t\t\t\t<div class=\"elementor-element elementor-element-b97a61d elementor-invisible elementor-widget elementor-widget-nuss-heading\" data-id=\"b97a61d\" data-element_type=\"widget\" data-e-type=\"widget\" data-settings=\"{&quot;_animation&quot;:&quot;nussFadeInUp&quot;}\" data-widget_type=\"nuss-heading.default\">\n\t\t\t\t<div class=\"elementor-widget-container\">\n\t\t\t\t\t\t\t<div class=\"nuss-modern-heading\">\r\n\t\t\t\r\n\t\t\t\t\t\t<div class=\"heading-primary-wrap\">\r\n\t\t\t\t<h4 class=\"heading-primary elementor-heading-title\">Sie werden auch m\u00f6gen...\n<\/h4>\t\t\t<\/div>\r\n\t\t\r\n\t\t\t\r\n\t\t\t\t\t<\/div>\r\n\t\t\t\t\t<\/div>\n\t\t\t\t<\/div>\n\t\t\t\t<div class=\"elementor-element elementor-element-5ab9389 elementor-widget elementor-widget-spacer\" data-id=\"5ab9389\" data-element_type=\"widget\" data-e-type=\"widget\" data-widget_type=\"spacer.default\">\n\t\t\t\t<div class=\"elementor-widget-container\">\n\t\t\t\t\t\t\t<div class=\"elementor-spacer\">\n\t\t\t<div class=\"elementor-spacer-inner\"><\/div>\n\t\t<\/div>\n\t\t\t\t\t\t<\/div>\n\t\t\t\t<\/div>\n\t\t\t\t<div class=\"elementor-element elementor-element-8ff5edb elementor-grid-1 elementor-grid-tablet-2 elementor-grid-mobile-1 elementor-posts--thumbnail-top elementor-widget elementor-widget-posts\" data-id=\"8ff5edb\" data-element_type=\"widget\" data-e-type=\"widget\" data-settings=\"{&quot;classic_columns&quot;:&quot;1&quot;,&quot;classic_columns_tablet&quot;:&quot;2&quot;,&quot;classic_columns_mobile&quot;:&quot;1&quot;,&quot;classic_row_gap&quot;:{&quot;unit&quot;:&quot;px&quot;,&quot;size&quot;:35,&quot;sizes&quot;:[]},&quot;classic_row_gap_tablet&quot;:{&quot;unit&quot;:&quot;px&quot;,&quot;size&quot;:&quot;&quot;,&quot;sizes&quot;:[]},&quot;classic_row_gap_mobile&quot;:{&quot;unit&quot;:&quot;px&quot;,&quot;size&quot;:&quot;&quot;,&quot;sizes&quot;:[]}}\" data-widget_type=\"posts.classic\">\n\t\t\t\t<div class=\"elementor-widget-container\">\n\t\t\t\t\t\t\t<div class=\"elementor-posts-container elementor-posts elementor-posts--skin-classic elementor-grid\" role=\"list\">\n\t\t\t\t<article class=\"elementor-post elementor-grid-item post-46960 post type-post status-publish format-standard has-post-thumbnail hentry category-actualites-de category-magazin category-nachrichten\" role=\"listitem\">\n\t\t\t\t<a class=\"elementor-post__thumbnail__link\" href=\"https:\/\/les-violettes.com\/de\/amis-violettes-abende-im-jahr-2026\/\" tabindex=\"-1\" >\n\t\t\t<div class=\"elementor-post__thumbnail\"><img fetchpriority=\"high\" decoding=\"async\" width=\"300\" height=\"200\" src=\"https:\/\/les-violettes.com\/wp-content\/uploads\/2022\/01\/devanture-violettes.jpg\" class=\"attachment-medium size-medium wp-image-35889\" alt=\"\" \/><\/div>\n\t\t<\/a>\n\t\t\t\t<div class=\"elementor-post__text\">\n\t\t\t\t<h3 class=\"elementor-post__title\">\n\t\t\t<a href=\"https:\/\/les-violettes.com\/de\/amis-violettes-abende-im-jahr-2026\/\" >\n\t\t\t\tEntdecken sie alle &#8222;Amis des Violettes&#8220; &#8211; Abende im jahr 2026!\t\t\t<\/a>\n\t\t<\/h3>\n\t\t\t\t<div class=\"elementor-post__meta-data\">\n\t\t\t\t\t<span class=\"elementor-post-date\">\n\t\t\t27. Oktober 2025\t\t<\/span>\n\t\t\t\t<\/div>\n\t\t\t\t<div class=\"elementor-post__excerpt\">\n\t\t\t<p>Das Hotel und Spa Les Violettes**** l\u00e4dt Sie zu seinen Themenabenden an jedem ersten Donnerstag im Monat ein! Entdecken Sie ohne weitere Verz\u00f6gerung unser Programm<\/p>\n\t\t<\/div>\n\t\t\t\t<\/div>\n\t\t\t\t<\/article>\n\t\t\t\t<article class=\"elementor-post elementor-grid-item post-43223 post type-post status-publish format-standard has-post-thumbnail hentry category-offres-speciales-de\" role=\"listitem\">\n\t\t\t\t<a class=\"elementor-post__thumbnail__link\" href=\"https:\/\/les-violettes.com\/de\/entspannende-flucht\/\" tabindex=\"-1\" >\n\t\t\t<div class=\"elementor-post__thumbnail\"><img decoding=\"async\" width=\"300\" height=\"202\" src=\"https:\/\/les-violettes.com\/wp-content\/uploads\/2024\/04\/modelage_evasion_relaxante-300x202.jpg\" class=\"attachment-medium size-medium wp-image-43157\" alt=\"Offre \u00e9vasion relaxante, modelage\" srcset=\"https:\/\/les-violettes.com\/wp-content\/uploads\/2024\/04\/modelage_evasion_relaxante-300x202.jpg 300w, https:\/\/les-violettes.com\/wp-content\/uploads\/2024\/04\/modelage_evasion_relaxante-1024x691.jpg 1024w, https:\/\/les-violettes.com\/wp-content\/uploads\/2024\/04\/modelage_evasion_relaxante-768x518.jpg 768w, https:\/\/les-violettes.com\/wp-content\/uploads\/2024\/04\/modelage_evasion_relaxante-1536x1036.jpg 1536w, https:\/\/les-violettes.com\/wp-content\/uploads\/2024\/04\/modelage_evasion_relaxante.jpg 1900w\" sizes=\"(max-width: 300px) 100vw, 300px\" \/><\/div>\n\t\t<\/a>\n\t\t\t\t<div class=\"elementor-post__text\">\n\t\t\t\t<h3 class=\"elementor-post__title\">\n\t\t\t<a href=\"https:\/\/les-violettes.com\/de\/entspannende-flucht\/\" >\n\t\t\t\tEntspannende Flucht\t\t\t<\/a>\n\t\t<\/h3>\n\t\t\t\t<div class=\"elementor-post__meta-data\">\n\t\t\t\t\t<span class=\"elementor-post-date\">\n\t\t\t12. April 2024\t\t<\/span>\n\t\t\t\t<\/div>\n\t\t\t\t<div class=\"elementor-post__excerpt\">\n\t\t\t<p>Eine Nacht in einem Zimmer Ihrer Wahl mit Fr\u00fchst\u00fcck, Zugang zum Spa und Modellage.<\/p>\n\t\t<\/div>\n\t\t\t\t<\/div>\n\t\t\t\t<\/article>\n\t\t\t\t<article class=\"elementor-post elementor-grid-item post-36925 post type-post status-publish format-standard has-post-thumbnail hentry category-actualites-de category-magazin category-nachrichten\" role=\"listitem\">\n\t\t\t\t<a class=\"elementor-post__thumbnail__link\" href=\"https:\/\/les-violettes.com\/de\/amis-violettes-abende-2025\/\" tabindex=\"-1\" >\n\t\t\t<div class=\"elementor-post__thumbnail\"><img fetchpriority=\"high\" decoding=\"async\" width=\"300\" height=\"200\" src=\"https:\/\/les-violettes.com\/wp-content\/uploads\/2022\/01\/devanture-violettes.jpg\" class=\"attachment-medium size-medium wp-image-35889\" alt=\"\" \/><\/div>\n\t\t<\/a>\n\t\t\t\t<div class=\"elementor-post__text\">\n\t\t\t\t<h3 class=\"elementor-post__title\">\n\t\t\t<a href=\"https:\/\/les-violettes.com\/de\/amis-violettes-abende-2025\/\" >\n\t\t\t\tEntdecken sie alle &#8222;Amis des Violettes&#8220; &#8211; Abende im jahr 2025!\t\t\t<\/a>\n\t\t<\/h3>\n\t\t\t\t<div class=\"elementor-post__meta-data\">\n\t\t\t\t\t<span class=\"elementor-post-date\">\n\t\t\t22. Dezember 2023\t\t<\/span>\n\t\t\t\t<\/div>\n\t\t\t\t<div class=\"elementor-post__excerpt\">\n\t\t\t<p>Das Hotel und Spa Les Violettes**** l\u00e4dt Sie zu seinen Themenabenden an jedem ersten Donnerstag im Monat ein! Entdecken Sie ohne weitere Verz\u00f6gerung unser Programm<\/p>\n\t\t<\/div>\n\t\t\t\t<\/div>\n\t\t\t\t<\/article>\n\t\t\t\t<article class=\"elementor-post elementor-grid-item post-40972 post type-post status-publish format-standard has-post-thumbnail hentry category-actualites-de category-nachrichten\" role=\"listitem\">\n\t\t\t\t<a class=\"elementor-post__thumbnail__link\" href=\"https:\/\/les-violettes.com\/de\/wichtige-informationen-spa-bereich\/\" tabindex=\"-1\" >\n\t\t\t<div class=\"elementor-post__thumbnail\"><img decoding=\"async\" width=\"300\" height=\"200\" src=\"https:\/\/les-violettes.com\/wp-content\/uploads\/2021\/11\/Piscine-exterieure-nuit-Les-Violettes-300x200.jpg\" class=\"attachment-medium size-medium wp-image-30928\" alt=\"D\u00e9tente et bien \u00eatre Les Violettes\" srcset=\"https:\/\/les-violettes.com\/wp-content\/uploads\/2021\/11\/Piscine-exterieure-nuit-Les-Violettes-300x200.jpg 300w, https:\/\/les-violettes.com\/wp-content\/uploads\/2021\/11\/Piscine-exterieure-nuit-Les-Violettes-1024x683.jpg 1024w, https:\/\/les-violettes.com\/wp-content\/uploads\/2021\/11\/Piscine-exterieure-nuit-Les-Violettes-768x512.jpg 768w, https:\/\/les-violettes.com\/wp-content\/uploads\/2021\/11\/Piscine-exterieure-nuit-Les-Violettes-1536x1024.jpg 1536w, https:\/\/les-violettes.com\/wp-content\/uploads\/2021\/11\/Piscine-exterieure-nuit-Les-Violettes-600x400.jpg 600w, https:\/\/les-violettes.com\/wp-content\/uploads\/2021\/11\/Piscine-exterieure-nuit-Les-Violettes.jpg 2048w\" sizes=\"(max-width: 300px) 100vw, 300px\" \/><\/div>\n\t\t<\/a>\n\t\t\t\t<div class=\"elementor-post__text\">\n\t\t\t\t<h3 class=\"elementor-post__title\">\n\t\t\t<a href=\"https:\/\/les-violettes.com\/de\/wichtige-informationen-spa-bereich\/\" >\n\t\t\t\tWichtige Informationen \u00fcber den Spa-Bereich\t\t\t<\/a>\n\t\t<\/h3>\n\t\t\t\t<div class=\"elementor-post__meta-data\">\n\t\t\t\t\t<span class=\"elementor-post-date\">\n\t\t\t15. November 2023\t\t<\/span>\n\t\t\t\t<\/div>\n\t\t\t\t<div class=\"elementor-post__excerpt\">\n\t\t\t<p>Wichtige Informationen Informationen zur Wiederer\u00f6ffnung Unser Au\u00dfenbereich wird derzeit renoviert. Wir bem\u00fchen uns, ihn so schnell wie m\u00f6glich wieder einladend zu gestalten. Meinen aufenthalt b\u00fcchen<\/p>\n\t\t<\/div>\n\t\t\t\t<\/div>\n\t\t\t\t<\/article>\n\t\t\t\t<article class=\"elementor-post elementor-grid-item post-40048 post type-post status-publish format-standard has-post-thumbnail hentry category-angebote-aufenthalt category-offres-speciales-de\" role=\"listitem\">\n\t\t\t\t<a class=\"elementor-post__thumbnail__link\" href=\"https:\/\/les-violettes.com\/de\/entspannungsurlaub-absolue-amoureux\/\" tabindex=\"-1\" >\n\t\t\t<div class=\"elementor-post__thumbnail\"><img loading=\"lazy\" decoding=\"async\" width=\"300\" height=\"176\" src=\"https:\/\/les-violettes.com\/wp-content\/uploads\/2024\/02\/sejour_detente_absolue_amoureux_haut-rhin-300x176.jpg\" class=\"attachment-medium size-medium wp-image-41492\" alt=\"S\u00e9jour detente absolue dans le haut-rhin\" srcset=\"https:\/\/les-violettes.com\/wp-content\/uploads\/2024\/02\/sejour_detente_absolue_amoureux_haut-rhin-300x176.jpg 300w, https:\/\/les-violettes.com\/wp-content\/uploads\/2024\/02\/sejour_detente_absolue_amoureux_haut-rhin-1024x599.jpg 1024w, https:\/\/les-violettes.com\/wp-content\/uploads\/2024\/02\/sejour_detente_absolue_amoureux_haut-rhin-768x450.jpg 768w, https:\/\/les-violettes.com\/wp-content\/uploads\/2024\/02\/sejour_detente_absolue_amoureux_haut-rhin-1536x899.jpg 1536w, https:\/\/les-violettes.com\/wp-content\/uploads\/2024\/02\/sejour_detente_absolue_amoureux_haut-rhin.jpg 1599w\" sizes=\"(max-width: 300px) 100vw, 300px\" \/><\/div>\n\t\t<\/a>\n\t\t\t\t<div class=\"elementor-post__text\">\n\t\t\t\t<h3 class=\"elementor-post__title\">\n\t\t\t<a href=\"https:\/\/les-violettes.com\/de\/entspannungsurlaub-absolue-amoureux\/\" >\n\t\t\t\tEntspannungsurlaub Absolue en Amoureux\t\t\t<\/a>\n\t\t<\/h3>\n\t\t\t\t<div class=\"elementor-post__meta-data\">\n\t\t\t\t\t<span class=\"elementor-post-date\">\n\t\t\t27. April 2023\t\t<\/span>\n\t\t\t\t<\/div>\n\t\t\t\t<div class=\"elementor-post__excerpt\">\n\t\t\t<p>&#8211; HALBPENSION INKL. GETR\u00c4NKE MIT EINER DUO-BEHANDLUNG Zum Preis von 634 \u20ac f\u00fcr 2 Personen Halbpension inkl. Getr\u00e4nke unter der Woche (Sonntag bis Donnerstag), bestehend<\/p>\n\t\t<\/div>\n\t\t\t\t<\/div>\n\t\t\t\t<\/article>\n\t\t\t\t<article class=\"elementor-post elementor-grid-item post-36869 post type-post status-publish format-standard has-post-thumbnail hentry category-blog-de category-magazin\" role=\"listitem\">\n\t\t\t\t<a class=\"elementor-post__thumbnail__link\" href=\"https:\/\/les-violettes.com\/de\/spa-wochenende-im-elsass\/\" tabindex=\"-1\" >\n\t\t\t<div class=\"elementor-post__thumbnail\"><img loading=\"lazy\" decoding=\"async\" width=\"300\" height=\"200\" src=\"https:\/\/les-violettes.com\/wp-content\/uploads\/2022\/05\/week-end-spa-alsace-violettes-300x200.jpg\" class=\"attachment-medium size-medium wp-image-36758\" alt=\"Photo Spa et bien-\u00eatre, les Violettes\" srcset=\"https:\/\/les-violettes.com\/wp-content\/uploads\/2022\/05\/week-end-spa-alsace-violettes-300x200.jpg 300w, https:\/\/les-violettes.com\/wp-content\/uploads\/2022\/05\/week-end-spa-alsace-violettes-1024x684.jpg 1024w, https:\/\/les-violettes.com\/wp-content\/uploads\/2022\/05\/week-end-spa-alsace-violettes-768x513.jpg 768w, https:\/\/les-violettes.com\/wp-content\/uploads\/2022\/05\/week-end-spa-alsace-violettes-1536x1025.jpg 1536w, https:\/\/les-violettes.com\/wp-content\/uploads\/2022\/05\/week-end-spa-alsace-violettes-600x401.jpg 600w, https:\/\/les-violettes.com\/wp-content\/uploads\/2022\/05\/week-end-spa-alsace-violettes.jpg 1600w\" sizes=\"(max-width: 300px) 100vw, 300px\" \/><\/div>\n\t\t<\/a>\n\t\t\t\t<div class=\"elementor-post__text\">\n\t\t\t\t<h3 class=\"elementor-post__title\">\n\t\t\t<a href=\"https:\/\/les-violettes.com\/de\/spa-wochenende-im-elsass\/\" >\n\t\t\t\tGenie\u00dfen Sie ein Spa-Wochenende im Elsass\t\t\t<\/a>\n\t\t<\/h3>\n\t\t\t\t<div class=\"elementor-post__meta-data\">\n\t\t\t\t\t<span class=\"elementor-post-date\">\n\t\t\t30. Mai 2022\t\t<\/span>\n\t\t\t\t<\/div>\n\t\t\t\t<div class=\"elementor-post__excerpt\">\n\t\t\t<p>Spa-Wochenende im Elsass: das Hotel &#038; Spa Les Violettes Verbringen Sie ein traumhaftes Wochenende in einem Hotel und Spa, das in einer au\u00dfergew\u00f6hnlichen Umgebung im<\/p>\n\t\t<\/div>\n\t\t\t\t<\/div>\n\t\t\t\t<\/article>\n\t\t\t\t<\/div>\n\t\t\n\t\t\t\t\t\t<\/div>\n\t\t\t\t<\/div>\n\t\t\t\t\t<\/div>\n\t\t<\/div>\n\t\t\t\t\t<\/div>\n\t\t<\/section>\n\t\t\t\t<\/div>\n\t\t\t\t<\/div>\n\t\t\t\t\t\t<\/div>\n\t\t\t\t<\/div>\n\t\t\t\t\t<\/div>\n\t\t<\/div>\n\t\t\t\t\t<\/div>\n\t\t<\/section>\n\t\t\t\t<\/div>\n\t\t","protected":false},"excerpt":{"rendered":"<p>MIT ZUGANG ZUM SPA UND FR\u00dcHST\u00dcCK Ab 289\u20ac f\u00fcr 2 Personen Eine \u00dcbernachtung in der gew\u00fcnschten Zimmerkategorie Fr\u00fchst\u00fcck in Form eines Schlemmerbuffets Unbegrenzter Zugang* zum 1.500 m\u00b2 gro\u00dfen Spa. Kostenloser Parkplatz Kostenloses Wifi Ab 289\u20ac f\u00fcr 2 Personen pro Tag.Auf Basis eines Doppelzimmers * Unbegrenzter Zugang zum Spa am Tag der Ankunft ab 15:30 Uhr [&hellip;]<\/p>\n","protected":false},"author":1,"featured_media":41489,"comment_status":"closed","ping_status":"closed","sticky":false,"template":"elementor_header_footer","format":"standard","meta":{"footnotes":""},"categories":[90,76,76,47],"tags":[],"class_list":{"0":"post-36969","1":"post","2":"type-post","3":"status-publish","4":"format-standard","5":"has-post-thumbnail","6":"hentry","7":"category-angebote-aufenthalt","8":"category-offres-speciales-de","10":"category-unkategorisiert"},"yoast_head":"<!-- This site is optimized with the Yoast SEO plugin v27.3 - https:\/\/yoast.com\/product\/yoast-seo-wordpress\/ -->\n<title>Aufenthalt Bed &amp; Breakfast im Elsass - Hot\u00eal &amp; Spa Les Violettes<\/title>\n<meta name=\"description\" content=\"Buchen Sie Zimmer und Suiten f\u00fcr einen erholsamen Aufenthalt inmitten einer au\u00dfergew\u00f6hnlichen Natur. Les violettes empf\u00e4ngt Sie in einer idyllischen Umgebung.\" \/>\n<meta name=\"robots\" content=\"index, follow, max-snippet:-1, max-image-preview:large, max-video-preview:-1\" \/>\n<link rel=\"canonical\" href=\"https:\/\/les-violettes.com\/de\/aufenthalt-bed-breakfast-im-elsass\/\" \/>\n<meta property=\"og:locale\" content=\"de_DE\" \/>\n<meta property=\"og:type\" content=\"article\" \/>\n<meta property=\"og:title\" content=\"Aufenthalt Bed &amp; Breakfast im Elsass - Hot\u00eal &amp; Spa Les Violettes\" \/>\n<meta property=\"og:description\" content=\"Buchen Sie Zimmer und Suiten f\u00fcr einen erholsamen Aufenthalt inmitten einer au\u00dfergew\u00f6hnlichen Natur. Les violettes empf\u00e4ngt Sie in einer idyllischen Umgebung.\" \/>\n<meta property=\"og:url\" content=\"https:\/\/les-violettes.com\/de\/aufenthalt-bed-breakfast-im-elsass\/\" \/>\n<meta property=\"og:site_name\" content=\"Hot\u00eal &amp; Spa Les Violettes\" \/>\n<meta property=\"article:published_time\" content=\"2021-11-24T15:02:37+00:00\" \/>\n<meta property=\"article:modified_time\" content=\"2025-10-13T06:14:44+00:00\" \/>\n<meta property=\"og:image\" content=\"https:\/\/les-violettes.com\/wp-content\/uploads\/2024\/02\/chambre_petit_dejeuner_les_violettes_haut-rhin.jpg\" \/>\n\t<meta property=\"og:image:width\" content=\"1600\" \/>\n\t<meta property=\"og:image:height\" content=\"937\" \/>\n\t<meta property=\"og:image:type\" content=\"image\/jpeg\" \/>\n<meta name=\"author\" content=\"admin_annei\" \/>\n<meta name=\"twitter:card\" content=\"summary_large_image\" \/>\n<meta name=\"twitter:label1\" content=\"Verfasst von\" \/>\n\t<meta name=\"twitter:data1\" content=\"admin_annei\" \/>\n\t<meta name=\"twitter:label2\" content=\"Gesch\u00e4tzte Lesezeit\" \/>\n\t<meta name=\"twitter:data2\" content=\"9\u00a0Minuten\" \/>\n<script type=\"application\/ld+json\" class=\"yoast-schema-graph\">{\"@context\":\"https:\\\/\\\/schema.org\",\"@graph\":[{\"@type\":\"Article\",\"@id\":\"https:\\\/\\\/les-violettes.com\\\/de\\\/aufenthalt-bed-breakfast-im-elsass\\\/#article\",\"isPartOf\":{\"@id\":\"https:\\\/\\\/les-violettes.com\\\/de\\\/aufenthalt-bed-breakfast-im-elsass\\\/\"},\"author\":{\"name\":\"admin_annei\",\"@id\":\"https:\\\/\\\/les-violettes.com\\\/de\\\/#\\\/schema\\\/person\\\/6b5674990a67ddf8eceb11848b300d82\"},\"headline\":\"Aufenthalt Bed &#038; Breakfast im Elsass\",\"datePublished\":\"2021-11-24T15:02:37+00:00\",\"dateModified\":\"2025-10-13T06:14:44+00:00\",\"mainEntityOfPage\":{\"@id\":\"https:\\\/\\\/les-violettes.com\\\/de\\\/aufenthalt-bed-breakfast-im-elsass\\\/\"},\"wordCount\":73,\"publisher\":{\"@id\":\"https:\\\/\\\/les-violettes.com\\\/de\\\/#organization\"},\"image\":{\"@id\":\"https:\\\/\\\/les-violettes.com\\\/de\\\/aufenthalt-bed-breakfast-im-elsass\\\/#primaryimage\"},\"thumbnailUrl\":\"https:\\\/\\\/les-violettes.com\\\/wp-content\\\/uploads\\\/2024\\\/02\\\/chambre_petit_dejeuner_les_violettes_haut-rhin.jpg\",\"articleSection\":[\"Angebote aufenthalt\",\"Offres sp\u00e9ciales\",\"Offres sp\u00e9ciales\",\"Unkategorisiert\"],\"inLanguage\":\"de\"},{\"@type\":\"WebPage\",\"@id\":\"https:\\\/\\\/les-violettes.com\\\/de\\\/aufenthalt-bed-breakfast-im-elsass\\\/\",\"url\":\"https:\\\/\\\/les-violettes.com\\\/de\\\/aufenthalt-bed-breakfast-im-elsass\\\/\",\"name\":\"Aufenthalt Bed & Breakfast im Elsass - Hot\u00eal &amp; Spa Les Violettes\",\"isPartOf\":{\"@id\":\"https:\\\/\\\/les-violettes.com\\\/de\\\/#website\"},\"primaryImageOfPage\":{\"@id\":\"https:\\\/\\\/les-violettes.com\\\/de\\\/aufenthalt-bed-breakfast-im-elsass\\\/#primaryimage\"},\"image\":{\"@id\":\"https:\\\/\\\/les-violettes.com\\\/de\\\/aufenthalt-bed-breakfast-im-elsass\\\/#primaryimage\"},\"thumbnailUrl\":\"https:\\\/\\\/les-violettes.com\\\/wp-content\\\/uploads\\\/2024\\\/02\\\/chambre_petit_dejeuner_les_violettes_haut-rhin.jpg\",\"datePublished\":\"2021-11-24T15:02:37+00:00\",\"dateModified\":\"2025-10-13T06:14:44+00:00\",\"description\":\"Buchen Sie Zimmer und Suiten f\u00fcr einen erholsamen Aufenthalt inmitten einer au\u00dfergew\u00f6hnlichen Natur. Les violettes empf\u00e4ngt Sie in einer idyllischen Umgebung.\",\"breadcrumb\":{\"@id\":\"https:\\\/\\\/les-violettes.com\\\/de\\\/aufenthalt-bed-breakfast-im-elsass\\\/#breadcrumb\"},\"inLanguage\":\"de\",\"potentialAction\":[{\"@type\":\"ReadAction\",\"target\":[\"https:\\\/\\\/les-violettes.com\\\/de\\\/aufenthalt-bed-breakfast-im-elsass\\\/\"]}]},{\"@type\":\"ImageObject\",\"inLanguage\":\"de\",\"@id\":\"https:\\\/\\\/les-violettes.com\\\/de\\\/aufenthalt-bed-breakfast-im-elsass\\\/#primaryimage\",\"url\":\"https:\\\/\\\/les-violettes.com\\\/wp-content\\\/uploads\\\/2024\\\/02\\\/chambre_petit_dejeuner_les_violettes_haut-rhin.jpg\",\"contentUrl\":\"https:\\\/\\\/les-violettes.com\\\/wp-content\\\/uploads\\\/2024\\\/02\\\/chambre_petit_dejeuner_les_violettes_haut-rhin.jpg\",\"width\":1600,\"height\":937,\"caption\":\"Chambre avec petit d\u00e9jeuner aux violettes dans le haut-rhin\"},{\"@type\":\"BreadcrumbList\",\"@id\":\"https:\\\/\\\/les-violettes.com\\\/de\\\/aufenthalt-bed-breakfast-im-elsass\\\/#breadcrumb\",\"itemListElement\":[{\"@type\":\"ListItem\",\"position\":1,\"name\":\"Accueil\",\"item\":\"https:\\\/\\\/les-violettes.com\\\/de\\\/\"},{\"@type\":\"ListItem\",\"position\":2,\"name\":\"Aufenthalt Bed &#038; Breakfast im Elsass\"}]},{\"@type\":\"WebSite\",\"@id\":\"https:\\\/\\\/les-violettes.com\\\/de\\\/#website\",\"url\":\"https:\\\/\\\/les-violettes.com\\\/de\\\/\",\"name\":\"Hot\u00eal &amp; Spa Les Violettes\",\"description\":\"Votre H\u00f4tel &amp; Spa ****\",\"publisher\":{\"@id\":\"https:\\\/\\\/les-violettes.com\\\/de\\\/#organization\"},\"potentialAction\":[{\"@type\":\"SearchAction\",\"target\":{\"@type\":\"EntryPoint\",\"urlTemplate\":\"https:\\\/\\\/les-violettes.com\\\/de\\\/?s={search_term_string}\"},\"query-input\":{\"@type\":\"PropertyValueSpecification\",\"valueRequired\":true,\"valueName\":\"search_term_string\"}}],\"inLanguage\":\"de\"},{\"@type\":\"Organization\",\"@id\":\"https:\\\/\\\/les-violettes.com\\\/de\\\/#organization\",\"name\":\"H\u00f4tel & Spa Les Violettes\",\"url\":\"https:\\\/\\\/les-violettes.com\\\/de\\\/\",\"logo\":{\"@type\":\"ImageObject\",\"inLanguage\":\"de\",\"@id\":\"https:\\\/\\\/les-violettes.com\\\/de\\\/#\\\/schema\\\/logo\\\/image\\\/\",\"url\":\"http:\\\/\\\/les-violettes.com\\\/wp-content\\\/uploads\\\/2021\\\/10\\\/logo-violettes.png\",\"contentUrl\":\"http:\\\/\\\/les-violettes.com\\\/wp-content\\\/uploads\\\/2021\\\/10\\\/logo-violettes.png\",\"width\":2643,\"height\":540,\"caption\":\"H\u00f4tel & Spa Les Violettes\"},\"image\":{\"@id\":\"https:\\\/\\\/les-violettes.com\\\/de\\\/#\\\/schema\\\/logo\\\/image\\\/\"}},{\"@type\":\"Person\",\"@id\":\"https:\\\/\\\/les-violettes.com\\\/de\\\/#\\\/schema\\\/person\\\/6b5674990a67ddf8eceb11848b300d82\",\"name\":\"admin_annei\",\"image\":{\"@type\":\"ImageObject\",\"inLanguage\":\"de\",\"@id\":\"https:\\\/\\\/secure.gravatar.com\\\/avatar\\\/ee34cdeb6ef123d30ce5da2f3936273f53ea5ab3895bf5bc94d0abf95f73d1e4?s=96&d=mm&r=g\",\"url\":\"https:\\\/\\\/secure.gravatar.com\\\/avatar\\\/ee34cdeb6ef123d30ce5da2f3936273f53ea5ab3895bf5bc94d0abf95f73d1e4?s=96&d=mm&r=g\",\"contentUrl\":\"https:\\\/\\\/secure.gravatar.com\\\/avatar\\\/ee34cdeb6ef123d30ce5da2f3936273f53ea5ab3895bf5bc94d0abf95f73d1e4?s=96&d=mm&r=g\",\"caption\":\"admin_annei\"},\"sameAs\":[\"https:\\\/\\\/les-violettes.com\"]}]}<\/script>\n<!-- \/ Yoast SEO plugin. -->","yoast_head_json":{"title":"Aufenthalt Bed & Breakfast im Elsass - Hot\u00eal &amp; Spa Les Violettes","description":"Buchen Sie Zimmer und Suiten f\u00fcr einen erholsamen Aufenthalt inmitten einer au\u00dfergew\u00f6hnlichen Natur. Les violettes empf\u00e4ngt Sie in einer idyllischen Umgebung.","robots":{"index":"index","follow":"follow","max-snippet":"max-snippet:-1","max-image-preview":"max-image-preview:large","max-video-preview":"max-video-preview:-1"},"canonical":"https:\/\/les-violettes.com\/de\/aufenthalt-bed-breakfast-im-elsass\/","og_locale":"de_DE","og_type":"article","og_title":"Aufenthalt Bed & Breakfast im Elsass - Hot\u00eal &amp; Spa Les Violettes","og_description":"Buchen Sie Zimmer und Suiten f\u00fcr einen erholsamen Aufenthalt inmitten einer au\u00dfergew\u00f6hnlichen Natur. Les violettes empf\u00e4ngt Sie in einer idyllischen Umgebung.","og_url":"https:\/\/les-violettes.com\/de\/aufenthalt-bed-breakfast-im-elsass\/","og_site_name":"Hot\u00eal &amp; Spa Les Violettes","article_published_time":"2021-11-24T15:02:37+00:00","article_modified_time":"2025-10-13T06:14:44+00:00","og_image":[{"width":1600,"height":937,"url":"https:\/\/les-violettes.com\/wp-content\/uploads\/2024\/02\/chambre_petit_dejeuner_les_violettes_haut-rhin.jpg","type":"image\/jpeg"}],"author":"admin_annei","twitter_card":"summary_large_image","twitter_misc":{"Verfasst von":"admin_annei","Gesch\u00e4tzte Lesezeit":"9\u00a0Minuten"},"schema":{"@context":"https:\/\/schema.org","@graph":[{"@type":"Article","@id":"https:\/\/les-violettes.com\/de\/aufenthalt-bed-breakfast-im-elsass\/#article","isPartOf":{"@id":"https:\/\/les-violettes.com\/de\/aufenthalt-bed-breakfast-im-elsass\/"},"author":{"name":"admin_annei","@id":"https:\/\/les-violettes.com\/de\/#\/schema\/person\/6b5674990a67ddf8eceb11848b300d82"},"headline":"Aufenthalt Bed &#038; Breakfast im Elsass","datePublished":"2021-11-24T15:02:37+00:00","dateModified":"2025-10-13T06:14:44+00:00","mainEntityOfPage":{"@id":"https:\/\/les-violettes.com\/de\/aufenthalt-bed-breakfast-im-elsass\/"},"wordCount":73,"publisher":{"@id":"https:\/\/les-violettes.com\/de\/#organization"},"image":{"@id":"https:\/\/les-violettes.com\/de\/aufenthalt-bed-breakfast-im-elsass\/#primaryimage"},"thumbnailUrl":"https:\/\/les-violettes.com\/wp-content\/uploads\/2024\/02\/chambre_petit_dejeuner_les_violettes_haut-rhin.jpg","articleSection":["Angebote aufenthalt","Offres sp\u00e9ciales","Offres sp\u00e9ciales","Unkategorisiert"],"inLanguage":"de"},{"@type":"WebPage","@id":"https:\/\/les-violettes.com\/de\/aufenthalt-bed-breakfast-im-elsass\/","url":"https:\/\/les-violettes.com\/de\/aufenthalt-bed-breakfast-im-elsass\/","name":"Aufenthalt Bed & Breakfast im Elsass - Hot\u00eal &amp; Spa Les Violettes","isPartOf":{"@id":"https:\/\/les-violettes.com\/de\/#website"},"primaryImageOfPage":{"@id":"https:\/\/les-violettes.com\/de\/aufenthalt-bed-breakfast-im-elsass\/#primaryimage"},"image":{"@id":"https:\/\/les-violettes.com\/de\/aufenthalt-bed-breakfast-im-elsass\/#primaryimage"},"thumbnailUrl":"https:\/\/les-violettes.com\/wp-content\/uploads\/2024\/02\/chambre_petit_dejeuner_les_violettes_haut-rhin.jpg","datePublished":"2021-11-24T15:02:37+00:00","dateModified":"2025-10-13T06:14:44+00:00","description":"Buchen Sie Zimmer und Suiten f\u00fcr einen erholsamen Aufenthalt inmitten einer au\u00dfergew\u00f6hnlichen Natur. Les violettes empf\u00e4ngt Sie in einer idyllischen Umgebung.","breadcrumb":{"@id":"https:\/\/les-violettes.com\/de\/aufenthalt-bed-breakfast-im-elsass\/#breadcrumb"},"inLanguage":"de","potentialAction":[{"@type":"ReadAction","target":["https:\/\/les-violettes.com\/de\/aufenthalt-bed-breakfast-im-elsass\/"]}]},{"@type":"ImageObject","inLanguage":"de","@id":"https:\/\/les-violettes.com\/de\/aufenthalt-bed-breakfast-im-elsass\/#primaryimage","url":"https:\/\/les-violettes.com\/wp-content\/uploads\/2024\/02\/chambre_petit_dejeuner_les_violettes_haut-rhin.jpg","contentUrl":"https:\/\/les-violettes.com\/wp-content\/uploads\/2024\/02\/chambre_petit_dejeuner_les_violettes_haut-rhin.jpg","width":1600,"height":937,"caption":"Chambre avec petit d\u00e9jeuner aux violettes dans le haut-rhin"},{"@type":"BreadcrumbList","@id":"https:\/\/les-violettes.com\/de\/aufenthalt-bed-breakfast-im-elsass\/#breadcrumb","itemListElement":[{"@type":"ListItem","position":1,"name":"Accueil","item":"https:\/\/les-violettes.com\/de\/"},{"@type":"ListItem","position":2,"name":"Aufenthalt Bed &#038; Breakfast im Elsass"}]},{"@type":"WebSite","@id":"https:\/\/les-violettes.com\/de\/#website","url":"https:\/\/les-violettes.com\/de\/","name":"Hot\u00eal &amp; Spa Les Violettes","description":"Votre H\u00f4tel &amp; Spa ****","publisher":{"@id":"https:\/\/les-violettes.com\/de\/#organization"},"potentialAction":[{"@type":"SearchAction","target":{"@type":"EntryPoint","urlTemplate":"https:\/\/les-violettes.com\/de\/?s={search_term_string}"},"query-input":{"@type":"PropertyValueSpecification","valueRequired":true,"valueName":"search_term_string"}}],"inLanguage":"de"},{"@type":"Organization","@id":"https:\/\/les-violettes.com\/de\/#organization","name":"H\u00f4tel & Spa Les Violettes","url":"https:\/\/les-violettes.com\/de\/","logo":{"@type":"ImageObject","inLanguage":"de","@id":"https:\/\/les-violettes.com\/de\/#\/schema\/logo\/image\/","url":"http:\/\/les-violettes.com\/wp-content\/uploads\/2021\/10\/logo-violettes.png","contentUrl":"http:\/\/les-violettes.com\/wp-content\/uploads\/2021\/10\/logo-violettes.png","width":2643,"height":540,"caption":"H\u00f4tel & Spa Les Violettes"},"image":{"@id":"https:\/\/les-violettes.com\/de\/#\/schema\/logo\/image\/"}},{"@type":"Person","@id":"https:\/\/les-violettes.com\/de\/#\/schema\/person\/6b5674990a67ddf8eceb11848b300d82","name":"admin_annei","image":{"@type":"ImageObject","inLanguage":"de","@id":"https:\/\/secure.gravatar.com\/avatar\/ee34cdeb6ef123d30ce5da2f3936273f53ea5ab3895bf5bc94d0abf95f73d1e4?s=96&d=mm&r=g","url":"https:\/\/secure.gravatar.com\/avatar\/ee34cdeb6ef123d30ce5da2f3936273f53ea5ab3895bf5bc94d0abf95f73d1e4?s=96&d=mm&r=g","contentUrl":"https:\/\/secure.gravatar.com\/avatar\/ee34cdeb6ef123d30ce5da2f3936273f53ea5ab3895bf5bc94d0abf95f73d1e4?s=96&d=mm&r=g","caption":"admin_annei"},"sameAs":["https:\/\/les-violettes.com"]}]}},"publishpress_future_action":{"enabled":false,"date":"2026-05-09 02:35:09","action":"change-status","newStatus":"draft","terms":[],"taxonomy":"category","extraData":[]},"publishpress_future_workflow_manual_trigger":{"enabledWorkflows":[]},"_links":{"self":[{"href":"https:\/\/les-violettes.com\/de\/wp-json\/wp\/v2\/posts\/36969","targetHints":{"allow":["GET"]}}],"collection":[{"href":"https:\/\/les-violettes.com\/de\/wp-json\/wp\/v2\/posts"}],"about":[{"href":"https:\/\/les-violettes.com\/de\/wp-json\/wp\/v2\/types\/post"}],"author":[{"embeddable":true,"href":"https:\/\/les-violettes.com\/de\/wp-json\/wp\/v2\/users\/1"}],"replies":[{"embeddable":true,"href":"https:\/\/les-violettes.com\/de\/wp-json\/wp\/v2\/comments?post=36969"}],"version-history":[{"count":0,"href":"https:\/\/les-violettes.com\/de\/wp-json\/wp\/v2\/posts\/36969\/revisions"}],"wp:featuredmedia":[{"embeddable":true,"href":"https:\/\/les-violettes.com\/de\/wp-json\/wp\/v2\/media\/41489"}],"wp:attachment":[{"href":"https:\/\/les-violettes.com\/de\/wp-json\/wp\/v2\/media?parent=36969"}],"wp:term":[{"taxonomy":"category","embeddable":true,"href":"https:\/\/les-violettes.com\/de\/wp-json\/wp\/v2\/categories?post=36969"},{"taxonomy":"post_tag","embeddable":true,"href":"https:\/\/les-violettes.com\/de\/wp-json\/wp\/v2\/tags?post=36969"}],"curies":[{"name":"wp","href":"https:\/\/api.w.org\/{rel}","templated":true}]}}